{"id":5297,"date":"2018-08-22T18:48:13","date_gmt":"2018-08-22T16:48:13","guid":{"rendered":"https:\/\/centers.ulbsibiu.ro\/ccsprise\/lact\/?p=5297"},"modified":"2018-08-22T18:48:13","modified_gmt":"2018-08-22T16:48:13","slug":"infotag-md-economia-transnistriei-demonstreaza-o-crestere-dinamica","status":"publish","type":"post","link":"https:\/\/centers.ulbsibiu.ro\/ccsprise\/lact\/infotag-md-economia-transnistriei-demonstreaza-o-crestere-dinamica\/","title":{"rendered":"Infotag.md &#8211; ECONOMIA TRANSNISTRIEI DEMONSTREAZ\u0102 O CRE\u0218TERE DINAMIC\u0102"},"content":{"rendered":"<p>\u00cen 2018, economia Transnistriei demonstreaz\u0103 o cre\u0219tere dinamic\u0103. \u00cen perioada ianuarie-iulie, valoarea schimburilor comerciale externe ale Transnistriei a dep\u0103\u0219it $1 mlrd., cu 25% mai mult dec\u00e2t \u00een aceea\u0219i perioad\u0103 a anului 2017.<\/p>\n<p>Potrivit agen\u0163iei INFOTAG, cu referire la serviciului de pres\u0103 al autoproclamatei RMN, mar\u021bi, pre\u0219edintele comisiei vamale din regiune Vitalii Neagu a prezentat datele privind valoarea schimburilor comerciale externe liderului Vadim Krasnoseliskii.<\/p>\n<p>Potrivit lui, principalele exporturi au fost asigurate de metale \u015fi produsele din metale, iar principalii parteneri la acest capitol sunt Rom\u00e2nia \u0219i Polonia. De asemnea. primele pozi\u021bii \u00een exporturi ocup\u0103 resursele energetice, produsele alimentare \u015fi materiile prime.<\/p>\n<p>\u201e\u00cen primele \u0219apte luni ale anului 2018, exporturile transnistrene \u00een Rusia au crescut cu 11%\u201d, a spus Neagu.<\/p>\n<p>La r\u00e2ndul s\u0103u, Vadim Krasnoseliskii, a \u00eendemnat departamentul vamal \u201es\u0103 sporeasc\u0103 exporturile at\u00e2t c\u0103tre Uniunea European\u0103, c\u00e2t \u0219i c\u0103tre Uniunea Economic\u0103 Eurasiatic\u0103\u201d.<\/p>\n<p>\u201eEste necesar s\u0103 \u00eencuraj\u0103m produc\u0103torii. \u00cen calitate de organ consultativ, Serviciul Vamal trebuie s\u0103 explice agen\u021bilor economici condi\u021biile de realizare a comer\u021bului cu Uniunea European\u0103, Uniunea Economic\u0103 Eurasiatic\u0103 \u0219i Federa\u021bia Rus\u0103\u201d.<\/p>\n<p>Liderul de la Tiraspol a numit drept \u201epia\u021ba prioritar\u0103\u201d pentru Transnistria cea a Rusiei, de\u0219i nu a exclus interesul fa\u021b\u0103 de pie\u021bele europeane.<\/p>\n<p>\u201eTotul depinde de situa\u021bie, de produc\u0103torul specific \u0219i de natura produselor exportate\u201d, a spus el.<\/p>\n<p>Sursa:\u00a0<a href=\"http:\/\/www.infotag.md\/rebelion-ro\/266101\/\">http:\/\/www.infotag.md\/<\/a><\/p>\n","protected":false},"excerpt":{"rendered":"<p>\u00cen 2018, economia Transnistriei demonstreaz\u0103 o cre\u0219tere dinamic\u0103. \u00cen perioada ianuarie-iulie, valoarea schimburilor comerciale externe ale Transnistriei a dep\u0103\u0219it $1 mlrd., cu 25% mai mult dec\u00e2t \u00een aceea\u0219i perioad\u0103 a anului 2017. Potrivit agen\u0163iei INFOTAG, cu referire la serviciului de pres\u0103 al autoproclamatei RMN, mar\u021bi, pre\u0219edintele comisiei vamale din regiune Vitalii Neagu a prezentat datele&#8230;<\/p>\n","protected":false},"author":2,"featured_media":0,"comment_status":"closed","ping_status":"open","sticky":false,"template":"","format":"standard","meta":[],"categories":[1],"tags":[],"_links":{"self":[{"href":"https:\/\/centers.ulbsibiu.ro\/ccsprise\/lact\/wp-json\/wp\/v2\/posts\/5297"}],"collection":[{"href":"https:\/\/centers.ulbsibiu.ro\/ccsprise\/lact\/wp-json\/wp\/v2\/posts"}],"about":[{"href":"https:\/\/centers.ulbsibiu.ro\/ccsprise\/lact\/wp-json\/wp\/v2\/types\/post"}],"author":[{"embeddable":true,"href":"https:\/\/centers.ulbsibiu.ro\/ccsprise\/lact\/wp-json\/wp\/v2\/users\/2"}],"replies":[{"embeddable":true,"href":"https:\/\/centers.ulbsibiu.ro\/ccsprise\/lact\/wp-json\/wp\/v2\/comments?post=5297"}],"version-history":[{"count":1,"href":"https:\/\/centers.ulbsibiu.ro\/ccsprise\/lact\/wp-json\/wp\/v2\/posts\/5297\/revisions"}],"predecessor-version":[{"id":5298,"href":"https:\/\/centers.ulbsibiu.ro\/ccsprise\/lact\/wp-json\/wp\/v2\/posts\/5297\/revisions\/5298"}],"wp:attachment":[{"href":"https:\/\/centers.ulbsibiu.ro\/ccsprise\/lact\/wp-json\/wp\/v2\/media?parent=5297"}],"wp:term":[{"taxonomy":"category","embeddable":true,"href":"https:\/\/centers.ulbsibiu.ro\/ccsprise\/lact\/wp-json\/wp\/v2\/categories?post=5297"},{"taxonomy":"post_tag","embeddable":true,"href":"https:\/\/centers.ulbsibiu.ro\/ccsprise\/lact\/wp-json\/wp\/v2\/tags?post=5297"}],"curies":[{"name":"wp","href":"https:\/\/api.w.org\/{rel}","templated":true}]}}