{"id":5289,"date":"2018-08-21T18:08:28","date_gmt":"2018-08-21T16:08:28","guid":{"rendered":"https:\/\/centers.ulbsibiu.ro\/ccsprise\/lact\/?p=5289"},"modified":"2018-08-21T18:08:28","modified_gmt":"2018-08-21T16:08:28","slug":"publika-md-ca-in-filmele-proaste-despre-spioni-killer-din-tiraspol-retinut-de-politia-din-odesa-detaliul-care-l-a-deconspirat","status":"publish","type":"post","link":"https:\/\/centers.ulbsibiu.ro\/ccsprise\/lact\/publika-md-ca-in-filmele-proaste-despre-spioni-killer-din-tiraspol-retinut-de-politia-din-odesa-detaliul-care-l-a-deconspirat\/","title":{"rendered":"Publika.md &#8211; Ca \u00een filmele proaste despre spioni: Killer din Tiraspol, re\u0163inut de poli\u0163ia din Odesa. Detaliul care l-a deconspirat"},"content":{"rendered":"<p><strong>Un presupus killer din Transnistria a fost re\u0163inut de poli\u0163ia de patrulare din Odesa. Potrivit <a href=\"http:\/\/dumskaya.net\/news\/odesskie-patrulnye-zaderzhali-killera-s-otkleivs-089055\/\" target=\"_blank\" rel=\"noopener\">presei din reugiune<\/a>, b\u0103rbatul a atras aten\u0163ia oamenilor legii din cauza b\u0103rbii care&#8230; i se descleia de pe fa\u0163\u0103.\u00a0<\/strong><\/p>\n<p>\u00cen timpul re\u0163inerii, asupra b\u0103rbatului a fost g\u0103sit un pistol Makarov \u015fi mai multe gloan\u0163e.<\/p>\n<p>Ulterior poli\u0163i\u015ftii au stabilit c\u0103 a\u015fa-zisul killer a venit \u00een Odesa din regiunea transnistrean\u0103. Suspectul este membru al grup\u0103rii infrac\u0163ionale, liderul c\u0103ruia este Oleg Popescu, aflat \u00een c\u0103utare interna\u0163ional\u0103.<\/p>\n<p>Potrivit poli\u0163iei, killerul cu barba descleiat\u0103 ar fi fost trimis s\u0103 omoare un om de afaceri ucrainean.<\/p>\n<p>Acum individul se afl\u0103 \u00een arest.<\/p>\n<p>Cite\u0219te mai mult: <a href=\"https:\/\/www.publika.md\/ca-in-filmele-proaste-despre-spioni-killer-din-tiraspol-retinut-de-politia-din-odesa-detaliul-care-l-a-deconspirat-foto_3016500.html#ixzz5OpUmwUES\">https:\/\/www.publika.md\/ca-in-filmele-proaste-despre-spioni-killer-din-tiraspol-retinut-de-politia-din-odesa-detaliul-care-l-a-deconspirat-foto_3016500.html#ixzz5OpUmwUES<\/a><br \/>\nFollow us: <a href=\"https:\/\/ec.tynt.com\/b\/rw?id=dWcNF856Wr5OkPrkHcnlKl&amp;u=publikatv\" target=\"_blank\" rel=\"noopener\">@publikatv on Twitter<\/a> | <a href=\"https:\/\/ec.tynt.com\/b\/rf?id=dWcNF856Wr5OkPrkHcnlKl&amp;u=publika.md\" target=\"_blank\" rel=\"noopener\">publika.md on Facebook<\/a><\/p>\n","protected":false},"excerpt":{"rendered":"<p>Un presupus killer din Transnistria a fost re\u0163inut de poli\u0163ia de patrulare din Odesa. Potrivit presei din reugiune, b\u0103rbatul a atras aten\u0163ia oamenilor legii din cauza b\u0103rbii care&#8230; i se descleia de pe fa\u0163\u0103.\u00a0 \u00cen timpul re\u0163inerii, asupra b\u0103rbatului a fost g\u0103sit un pistol Makarov \u015fi mai multe gloan\u0163e. Ulterior poli\u0163i\u015ftii au stabilit c\u0103 a\u015fa-zisul&#8230;<\/p>\n","protected":false},"author":2,"featured_media":0,"comment_status":"closed","ping_status":"open","sticky":false,"template":"","format":"standard","meta":[],"categories":[1],"tags":[],"_links":{"self":[{"href":"https:\/\/centers.ulbsibiu.ro\/ccsprise\/lact\/wp-json\/wp\/v2\/posts\/5289"}],"collection":[{"href":"https:\/\/centers.ulbsibiu.ro\/ccsprise\/lact\/wp-json\/wp\/v2\/posts"}],"about":[{"href":"https:\/\/centers.ulbsibiu.ro\/ccsprise\/lact\/wp-json\/wp\/v2\/types\/post"}],"author":[{"embeddable":true,"href":"https:\/\/centers.ulbsibiu.ro\/ccsprise\/lact\/wp-json\/wp\/v2\/users\/2"}],"replies":[{"embeddable":true,"href":"https:\/\/centers.ulbsibiu.ro\/ccsprise\/lact\/wp-json\/wp\/v2\/comments?post=5289"}],"version-history":[{"count":1,"href":"https:\/\/centers.ulbsibiu.ro\/ccsprise\/lact\/wp-json\/wp\/v2\/posts\/5289\/revisions"}],"predecessor-version":[{"id":5290,"href":"https:\/\/centers.ulbsibiu.ro\/ccsprise\/lact\/wp-json\/wp\/v2\/posts\/5289\/revisions\/5290"}],"wp:attachment":[{"href":"https:\/\/centers.ulbsibiu.ro\/ccsprise\/lact\/wp-json\/wp\/v2\/media?parent=5289"}],"wp:term":[{"taxonomy":"category","embeddable":true,"href":"https:\/\/centers.ulbsibiu.ro\/ccsprise\/lact\/wp-json\/wp\/v2\/categories?post=5289"},{"taxonomy":"post_tag","embeddable":true,"href":"https:\/\/centers.ulbsibiu.ro\/ccsprise\/lact\/wp-json\/wp\/v2\/tags?post=5289"}],"curies":[{"name":"wp","href":"https:\/\/api.w.org\/{rel}","templated":true}]}}