{"id":5285,"date":"2018-08-21T18:03:51","date_gmt":"2018-08-21T16:03:51","guid":{"rendered":"https:\/\/centers.ulbsibiu.ro\/ccsprise\/lact\/?p=5285"},"modified":"2018-08-21T18:03:51","modified_gmt":"2018-08-21T16:03:51","slug":"noi-md-deficit-de-medici-in-regiunea-transnistreana","status":"publish","type":"post","link":"https:\/\/centers.ulbsibiu.ro\/ccsprise\/lact\/noi-md-deficit-de-medici-in-regiunea-transnistreana\/","title":{"rendered":"Noi.md &#8211; Deficit de medici \u00een regiunea transnistrean\u0103"},"content":{"rendered":"<p>Regiunea transnistrean\u0103 se confrunt\u0103 cu un deficit de cadre medicale. Lipsesc at\u00eet terapeu\u0163i \u015fi pediatri, c\u00eet \u015fi medici \u00een serviciile de urgen\u0163\u0103 \u015fi medici speciali\u015fti.Subiectul a fost discutat la o \u015fedin\u0163\u0103 cu administra\u0163ia de la Tiraspol. A\u015fa-zisul \u015fef al executivului, Alexandr Mart\u00eenov, a declarat c\u0103 principalele motive \u0163in de nivelul jos de salarizare, lipsa spa\u0163iului locativ.<\/p>\n<p>Presa din regiune scrie c\u0103, din 1 septembrie, se planific\u0103 majorarea suplimentului salarial oferit medicilor. \u00cen spe\u0163\u0103, este vorba despre lucr\u0103torii medicali din medicina urgent\u0103. Iar \u00een 2019 pentru aceast\u0103 categorie va fi extins\u0103 perioada concediului pl\u0103tit. Totodat\u0103, din anul viitor este planificat\u0103 reluarea practicii de acordare a locuin\u0163elor tinerilor speciali\u015fti, iar ministerul de ramur\u0103 urmeaz\u0103 s\u0103 elaboreze un program de stimulare pentru ace\u015ftia.<\/p>\n<p>C\u00eet \u0163ine de baza tehnico-material\u0103, administra\u0163ia transnistrean\u0103 \u00ee\u015fi propune s\u0103 aloce \u00een 2019 \u00een jur de o sut\u0103 de milioane de ruble transnistrene pentru reconstruc\u0163ia institu\u0163iilor de s\u0103n\u0103tate. Pentru necesit\u0103\u0163ile medicinii urgente urmeaz\u0103 s\u0103 fie achizi\u0163ionate cinci ma\u015fini specializate, necesarul fiind de 30 de unit\u0103\u0163i.<\/p>\n<p>Cite\u0219te mai mult: <a href=\"https:\/\/noi.md\/md\/transnistria\/deficit-de-medici-in-regiunea-transnistreana\">https:\/\/noi.md\/md\/transnistria\/deficit-de-medici-in-regiunea-transnistreana<\/a><br \/>\nFacebook: <a href=\"https:\/\/www.facebook.com\/NOI.md\/\">NOI.md<\/a> | Odnoklassniki: <a href=\"https:\/\/www.ok.ru\/noi.moldova\">Noi.Moldova<\/a><\/p>\n","protected":false},"excerpt":{"rendered":"<p>Regiunea transnistrean\u0103 se confrunt\u0103 cu un deficit de cadre medicale. Lipsesc at\u00eet terapeu\u0163i \u015fi pediatri, c\u00eet \u015fi medici \u00een serviciile de urgen\u0163\u0103 \u015fi medici speciali\u015fti.Subiectul a fost discutat la o \u015fedin\u0163\u0103 cu administra\u0163ia de la Tiraspol. A\u015fa-zisul \u015fef al executivului, Alexandr Mart\u00eenov, a declarat c\u0103 principalele motive \u0163in de nivelul jos de salarizare, lipsa spa\u0163iului&#8230;<\/p>\n","protected":false},"author":2,"featured_media":0,"comment_status":"closed","ping_status":"open","sticky":false,"template":"","format":"standard","meta":[],"categories":[1],"tags":[],"_links":{"self":[{"href":"https:\/\/centers.ulbsibiu.ro\/ccsprise\/lact\/wp-json\/wp\/v2\/posts\/5285"}],"collection":[{"href":"https:\/\/centers.ulbsibiu.ro\/ccsprise\/lact\/wp-json\/wp\/v2\/posts"}],"about":[{"href":"https:\/\/centers.ulbsibiu.ro\/ccsprise\/lact\/wp-json\/wp\/v2\/types\/post"}],"author":[{"embeddable":true,"href":"https:\/\/centers.ulbsibiu.ro\/ccsprise\/lact\/wp-json\/wp\/v2\/users\/2"}],"replies":[{"embeddable":true,"href":"https:\/\/centers.ulbsibiu.ro\/ccsprise\/lact\/wp-json\/wp\/v2\/comments?post=5285"}],"version-history":[{"count":2,"href":"https:\/\/centers.ulbsibiu.ro\/ccsprise\/lact\/wp-json\/wp\/v2\/posts\/5285\/revisions"}],"predecessor-version":[{"id":5288,"href":"https:\/\/centers.ulbsibiu.ro\/ccsprise\/lact\/wp-json\/wp\/v2\/posts\/5285\/revisions\/5288"}],"wp:attachment":[{"href":"https:\/\/centers.ulbsibiu.ro\/ccsprise\/lact\/wp-json\/wp\/v2\/media?parent=5285"}],"wp:term":[{"taxonomy":"category","embeddable":true,"href":"https:\/\/centers.ulbsibiu.ro\/ccsprise\/lact\/wp-json\/wp\/v2\/categories?post=5285"},{"taxonomy":"post_tag","embeddable":true,"href":"https:\/\/centers.ulbsibiu.ro\/ccsprise\/lact\/wp-json\/wp\/v2\/tags?post=5285"}],"curies":[{"name":"wp","href":"https:\/\/api.w.org\/{rel}","templated":true}]}}