{"id":5280,"date":"2018-08-20T18:34:50","date_gmt":"2018-08-20T16:34:50","guid":{"rendered":"https:\/\/centers.ulbsibiu.ro\/ccsprise\/lact\/?p=5280"},"modified":"2018-08-20T18:34:50","modified_gmt":"2018-08-20T16:34:50","slug":"gov-md-guvernul-a-aprobat-procedura-de-punere-in-aplicare-a-legii-nr-170-din-26-iulie-2018","status":"publish","type":"post","link":"https:\/\/centers.ulbsibiu.ro\/ccsprise\/lact\/gov-md-guvernul-a-aprobat-procedura-de-punere-in-aplicare-a-legii-nr-170-din-26-iulie-2018\/","title":{"rendered":"Gov.md &#8211; Guvernul a aprobat procedura de punere \u00een aplicare a Legii nr. 170 din 26 iulie 2018"},"content":{"rendered":"<p>La \u0219edin\u021ba Executivului din 20 august 2018 a fost aprobat\u0103 hot\u0103r\u00e2rea Guvernului privind punerea \u00een aplicare a Legii nr. 170 din 26 iulie 2018 cu privire la \u00eenmatricularea unor mijloace de transport \u0219i modificarea unor acte legislative care au ca scop implementarea Deciziei protocolare \u201ePrivind accesul \u00een traficul rutier interna\u021bional a mijloacelor de transport din regiunea transnistrean\u0103, care nu desf\u0103\u0219oar\u0103 activit\u0103\u021bi comerciale\u201d din 24 aprilie 2018.<\/p>\n<p>Scopul proiectului de hot\u0103r\u00e2re este de a stabili procedura de \u00eenmatriculare a acestor categorii de mijloace de transport, pentru a asigura func\u021bionalitatea Legii men\u021bionate, \u00eencep\u00e2nd cu 1 septembrie 2018.<\/p>\n<p>Urmare a complet\u0103rilor propuse la cadrul normativ, automobilele \u00eenmatriculate \u00een st\u00e2nga Nistrului \u0219i municipiul Bender \u00een condi\u021biile mecanismului aprobat vor ob\u021bine dreptul de a participa \u00een traficul rutier interna\u021bional.<\/p>\n<p>Proiectul propune ajustarea unor prevederi cu referire la pachetul de documente pentru \u00eenmatricularea vehiculelor din st\u00e2nga Nistrului \u0219i municipiul Bender.<\/p>\n<p>Este de men\u021bionat c\u0103, la 26 iulie 2018 Parlamentul a adoptat Legea nr.170 cu privire la \u00eenmatricularea unor mijloace de transport \u0219i modificarea unor acte legislative, care va intra \u00een vigoare la 1 septembrie 2018. Concomitent, Guvernului i s-a dispus s\u0103 aprobe procedura de \u00eenmatriculare a mijloacelor de transport ce cad sub inciden\u021ba Legii men\u021bionate.<\/p>\n<p>Proiectul \u00een cauz\u0103 poate fi vizualizat urmare a acces\u0103rii link-ului:\u00a0<a href=\"https:\/\/gov.md\/sites\/default\/files\/document\/attachments\/intr42_1fosta_43.pdf\">https:\/\/gov.md\/sites\/default\/files\/document\/attachments\/intr42_1fosta_43.pdf<\/a><\/p>\n<p>Sursa:\u00a0<a href=\"https:\/\/gov.md\/ro\/content\/guvernul-aprobat-procedura-de-punere-aplicare-legii-nr-170-din-26-iulie-2018\">https:\/\/gov.md\/<\/a><\/p>\n","protected":false},"excerpt":{"rendered":"<p>La \u0219edin\u021ba Executivului din 20 august 2018 a fost aprobat\u0103 hot\u0103r\u00e2rea Guvernului privind punerea \u00een aplicare a Legii nr. 170 din 26 iulie 2018 cu privire la \u00eenmatricularea unor mijloace de transport \u0219i modificarea unor acte legislative care au ca scop implementarea Deciziei protocolare \u201ePrivind accesul \u00een traficul rutier interna\u021bional a mijloacelor de transport din&#8230;<\/p>\n","protected":false},"author":2,"featured_media":0,"comment_status":"closed","ping_status":"open","sticky":false,"template":"","format":"standard","meta":[],"categories":[1],"tags":[],"_links":{"self":[{"href":"https:\/\/centers.ulbsibiu.ro\/ccsprise\/lact\/wp-json\/wp\/v2\/posts\/5280"}],"collection":[{"href":"https:\/\/centers.ulbsibiu.ro\/ccsprise\/lact\/wp-json\/wp\/v2\/posts"}],"about":[{"href":"https:\/\/centers.ulbsibiu.ro\/ccsprise\/lact\/wp-json\/wp\/v2\/types\/post"}],"author":[{"embeddable":true,"href":"https:\/\/centers.ulbsibiu.ro\/ccsprise\/lact\/wp-json\/wp\/v2\/users\/2"}],"replies":[{"embeddable":true,"href":"https:\/\/centers.ulbsibiu.ro\/ccsprise\/lact\/wp-json\/wp\/v2\/comments?post=5280"}],"version-history":[{"count":1,"href":"https:\/\/centers.ulbsibiu.ro\/ccsprise\/lact\/wp-json\/wp\/v2\/posts\/5280\/revisions"}],"predecessor-version":[{"id":5281,"href":"https:\/\/centers.ulbsibiu.ro\/ccsprise\/lact\/wp-json\/wp\/v2\/posts\/5280\/revisions\/5281"}],"wp:attachment":[{"href":"https:\/\/centers.ulbsibiu.ro\/ccsprise\/lact\/wp-json\/wp\/v2\/media?parent=5280"}],"wp:term":[{"taxonomy":"category","embeddable":true,"href":"https:\/\/centers.ulbsibiu.ro\/ccsprise\/lact\/wp-json\/wp\/v2\/categories?post=5280"},{"taxonomy":"post_tag","embeddable":true,"href":"https:\/\/centers.ulbsibiu.ro\/ccsprise\/lact\/wp-json\/wp\/v2\/tags?post=5280"}],"curies":[{"name":"wp","href":"https:\/\/api.w.org\/{rel}","templated":true}]}}