{"id":5278,"date":"2018-08-20T18:32:05","date_gmt":"2018-08-20T16:32:05","guid":{"rendered":"https:\/\/centers.ulbsibiu.ro\/ccsprise\/lact\/?p=5278"},"modified":"2018-08-20T18:32:05","modified_gmt":"2018-08-20T16:32:05","slug":"publika-md-pavel-filip-chisinaul-isi-exprima-ingrijorarea-fata-de-exercitiile-trupelor-rusesti-din-stanga-nistrului","status":"publish","type":"post","link":"https:\/\/centers.ulbsibiu.ro\/ccsprise\/lact\/publika-md-pavel-filip-chisinaul-isi-exprima-ingrijorarea-fata-de-exercitiile-trupelor-rusesti-din-stanga-nistrului\/","title":{"rendered":"Publika.md &#8211; Pavel Filip: Chi\u015fin\u0103ul \u00ee\u015fi exprim\u0103 \u00eengrijorarea fa\u0163\u0103 de exerci\u021biile trupelor ruse\u015fti din st\u00e2nga Nistrului"},"content":{"rendered":"<p><strong>Chi\u015fin\u0103ul \u00ee\u015fi exprim\u0103 \u00eengrijorarea \u00een leg\u0103tur\u0103 cu exerci\u021biile militare ale trupelor ruse\u015fti din st\u00e2nga Nistrului care au avut loc recent \u00een nemijlocit\u0103 apropiere a grani\u0163ei cu Ucraina.<\/strong> Subiectul a fost abordat ast\u0103zi de premierul Pavel Filip \u00een timpul \u015fedin\u0163ei de Guvern. Potrivit lui, asemenea cazuri trebuie s\u0103 fie monitorizate mai eficient.<\/p>\n<p>&#8220;E important s\u0103 men\u0163inem calmul pe Nistru. Noi am constatat c\u0103 \u00een trecut nu se informa de fiecare dat\u0103 c\u00e2nd aveau loc astfel de incidente. Acum s\u0103 fie pus la punct mecanismul, trebuie s\u0103 cunoasc\u0103 OSCE imediat ce au loc astfel de abateri de la \u00een\u0163elegerile normale&#8221;, a declarat premierul Pavel Filip.<\/p>\n<p>\u00cen data de 14 august Grupul Operativ al Trupelor Ruse au desf\u0103\u015furat exerci\u0163ii \u015fi au trecut r\u00e2ul Nistru \u00een nemijlocit\u0103 apropiere a grani\u0163ei cu Ucraina.<\/p>\n<p>Blindate \u015fi autocamioane au fost observate \u00een apropierea plajei satului T\u00e2rnauca \u0219i a podului de pietoni peste r\u00e2ul Nistru din Tiraspol.<\/p>\n<p>Tehnica era f\u0103r\u0103 numere de \u00eenmatriculare sau alte \u00eensemne.<\/p>\n<p>La r\u00e2ndul s\u0103u, ambasada Ucrainei la Chi\u0219in\u0103u a condamnat aceste ac\u0163iuni.<\/p>\n<p>Anterior, la \u00eenceputul verii, \u00een preajma Zonei de Securitate de mai multe ori au fost observate ma\u015fini blindate.<\/p>\n<p>\u015ei atunci Chi\u015fin\u0103ul \u015fi-a exprimat \u00eengrijorare \u00een leg\u0103tur\u0103 cu aceste ac\u0163iuni.<\/p>\n<p>Cite\u0219te mai mult: <a href=\"https:\/\/www.publika.md\/pavel-filip-chisinaul-isi-exprima-ingrijorarea-fata-de-exercitiile-trupelor-rusesti-din-stanga-nistrului-_3016435.html#ixzz5OjkAqKa1\">https:\/\/www.publika.md\/pavel-filip-chisinaul-isi-exprima-ingrijorarea-fata-de-exercitiile-trupelor-rusesti-din-stanga-nistrului-_3016435.html#ixzz5OjkAqKa1<\/a><br \/>\nFollow us: <a href=\"https:\/\/ec.tynt.com\/b\/rw?id=dWcNF856Wr5OkPrkHcnlKl&amp;u=publikatv\" target=\"_blank\" rel=\"noopener\">@publikatv on Twitter<\/a> | <a href=\"https:\/\/ec.tynt.com\/b\/rf?id=dWcNF856Wr5OkPrkHcnlKl&amp;u=publika.md\" target=\"_blank\" rel=\"noopener\">publika.md on Facebook<\/a><\/p>\n","protected":false},"excerpt":{"rendered":"<p>Chi\u015fin\u0103ul \u00ee\u015fi exprim\u0103 \u00eengrijorarea \u00een leg\u0103tur\u0103 cu exerci\u021biile militare ale trupelor ruse\u015fti din st\u00e2nga Nistrului care au avut loc recent \u00een nemijlocit\u0103 apropiere a grani\u0163ei cu Ucraina. Subiectul a fost abordat ast\u0103zi de premierul Pavel Filip \u00een timpul \u015fedin\u0163ei de Guvern. Potrivit lui, asemenea cazuri trebuie s\u0103 fie monitorizate mai eficient. &#8220;E important s\u0103 men\u0163inem&#8230;<\/p>\n","protected":false},"author":2,"featured_media":0,"comment_status":"closed","ping_status":"open","sticky":false,"template":"","format":"standard","meta":[],"categories":[1],"tags":[],"_links":{"self":[{"href":"https:\/\/centers.ulbsibiu.ro\/ccsprise\/lact\/wp-json\/wp\/v2\/posts\/5278"}],"collection":[{"href":"https:\/\/centers.ulbsibiu.ro\/ccsprise\/lact\/wp-json\/wp\/v2\/posts"}],"about":[{"href":"https:\/\/centers.ulbsibiu.ro\/ccsprise\/lact\/wp-json\/wp\/v2\/types\/post"}],"author":[{"embeddable":true,"href":"https:\/\/centers.ulbsibiu.ro\/ccsprise\/lact\/wp-json\/wp\/v2\/users\/2"}],"replies":[{"embeddable":true,"href":"https:\/\/centers.ulbsibiu.ro\/ccsprise\/lact\/wp-json\/wp\/v2\/comments?post=5278"}],"version-history":[{"count":1,"href":"https:\/\/centers.ulbsibiu.ro\/ccsprise\/lact\/wp-json\/wp\/v2\/posts\/5278\/revisions"}],"predecessor-version":[{"id":5279,"href":"https:\/\/centers.ulbsibiu.ro\/ccsprise\/lact\/wp-json\/wp\/v2\/posts\/5278\/revisions\/5279"}],"wp:attachment":[{"href":"https:\/\/centers.ulbsibiu.ro\/ccsprise\/lact\/wp-json\/wp\/v2\/media?parent=5278"}],"wp:term":[{"taxonomy":"category","embeddable":true,"href":"https:\/\/centers.ulbsibiu.ro\/ccsprise\/lact\/wp-json\/wp\/v2\/categories?post=5278"},{"taxonomy":"post_tag","embeddable":true,"href":"https:\/\/centers.ulbsibiu.ro\/ccsprise\/lact\/wp-json\/wp\/v2\/tags?post=5278"}],"curies":[{"name":"wp","href":"https:\/\/api.w.org\/{rel}","templated":true}]}}