{"id":5275,"date":"2018-08-20T18:28:58","date_gmt":"2018-08-20T16:28:58","guid":{"rendered":"https:\/\/centers.ulbsibiu.ro\/ccsprise\/lact\/?p=5275"},"modified":"2018-08-20T18:28:58","modified_gmt":"2018-08-20T16:28:58","slug":"noi-md-ambasada-ucrainei-la-chisinau-despre-prezenta-trupelor-ruse-in-regiunea-transnistreana","status":"publish","type":"post","link":"https:\/\/centers.ulbsibiu.ro\/ccsprise\/lact\/noi-md-ambasada-ucrainei-la-chisinau-despre-prezenta-trupelor-ruse-in-regiunea-transnistreana\/","title":{"rendered":"Noi.md &#8211; Ambasada Ucrainei la Chi\u0219in\u0103u, despre prezen\u0163a trupelor ruse \u00een regiunea transnistrean\u0103"},"content":{"rendered":"<p>Ambasada Ucrainei la Chi\u0219in\u0103u se declar\u0103 \u00eengrijorat\u0103 de recentele manevre militare ale trupelor ruse din regiunea transnistrean\u0103, \u00een cadrul c\u0103rora s-a exersat trecerea r\u00eeului Nistru.\u201eAmbasada Ucrainei \u00een Republica Moldova \u00ee\u0219i exprim\u0103 \u00eengrijorarea cu privire la ac\u021biunile provocatoare ale Federa\u021biei Ruse \u00een \u00eenc\u0103lcarea regimului de securitate a zonei din regiunea transnistrean\u0103 a Republicii Moldova, \u00een special, prin prezen\u021ba neautorizat\u0103 \u00een perioada 14-15 august 2018 de personal \u0219i echipament militar al Grupului Operativ al For\u021belor Ruse \u00een Zona de Securitate, punerea \u00een aplicare a m\u0103surilor, asociat cu for\u021barea r\u00eeului Nistru \u0219i obstruc\u021bionarea \u00eendeplinirii atribu\u021biilor de c\u0103tre for\u021bele de men\u021binere a p\u0103cii \u0219i reprezentan\u021bii Misiunii OSCE\u201d, se spune \u00eentr-un comentariu al ambasadei pe pagina de facebook.Potrivit aceleia\u0219i note, neglijarea de c\u0103tre partea rus\u0103 a prevederilor acordului de \u00eencetare a focului din 21 iulie 1992, care determin\u0103 regimul de func\u021bionare a zonei de securitate, precum \u0219i ne\u00eendeplinirea de c\u0103tre Rusia a obliga\u021biilor sale submineaz\u0103 \u00eencrederea \u00eentre participan\u021bii la procesul de negociere \u0219i continu\u0103 s\u0103 escaladeze tensiunile din regiune.\u201eAceste ac\u021biuni ale Rusiei confirm\u0103 din nou necesitatea unei retrageri complete \u0219i necondi\u021bionate a trupelor ruse\u0219ti de pe teritoriul Republicii Moldova, \u00een conformitate cu deciziile Summit-ului de la Istanbul din 1999 al OSCE\u201d, se mai spune \u00een comentariu.<\/p>\n<p>Cite\u0219te mai mult: <a href=\"https:\/\/noi.md\/societate\/ambasada-ucrainei-la-chisinau-despre-prezenta-trupelor-ruse-in-regiunea-transnistreana\">https:\/\/noi.md\/societate\/ambasada-ucrainei-la-chisinau-despre-prezenta-trupelor-ruse-in-regiunea-transnistreana<\/a><br \/>\nFacebook: <a href=\"https:\/\/www.facebook.com\/NOI.md\/\">NOI.md<\/a> | Odnoklassniki: <a href=\"https:\/\/www.ok.ru\/noi.moldova\">Noi.Moldova<\/a><\/p>\n","protected":false},"excerpt":{"rendered":"<p>Ambasada Ucrainei la Chi\u0219in\u0103u se declar\u0103 \u00eengrijorat\u0103 de recentele manevre militare ale trupelor ruse din regiunea transnistrean\u0103, \u00een cadrul c\u0103rora s-a exersat trecerea r\u00eeului Nistru.\u201eAmbasada Ucrainei \u00een Republica Moldova \u00ee\u0219i exprim\u0103 \u00eengrijorarea cu privire la ac\u021biunile provocatoare ale Federa\u021biei Ruse \u00een \u00eenc\u0103lcarea regimului de securitate a zonei din regiunea transnistrean\u0103 a Republicii Moldova, \u00een special,&#8230;<\/p>\n","protected":false},"author":2,"featured_media":0,"comment_status":"closed","ping_status":"open","sticky":false,"template":"","format":"standard","meta":[],"categories":[1],"tags":[],"_links":{"self":[{"href":"https:\/\/centers.ulbsibiu.ro\/ccsprise\/lact\/wp-json\/wp\/v2\/posts\/5275"}],"collection":[{"href":"https:\/\/centers.ulbsibiu.ro\/ccsprise\/lact\/wp-json\/wp\/v2\/posts"}],"about":[{"href":"https:\/\/centers.ulbsibiu.ro\/ccsprise\/lact\/wp-json\/wp\/v2\/types\/post"}],"author":[{"embeddable":true,"href":"https:\/\/centers.ulbsibiu.ro\/ccsprise\/lact\/wp-json\/wp\/v2\/users\/2"}],"replies":[{"embeddable":true,"href":"https:\/\/centers.ulbsibiu.ro\/ccsprise\/lact\/wp-json\/wp\/v2\/comments?post=5275"}],"version-history":[{"count":1,"href":"https:\/\/centers.ulbsibiu.ro\/ccsprise\/lact\/wp-json\/wp\/v2\/posts\/5275\/revisions"}],"predecessor-version":[{"id":5276,"href":"https:\/\/centers.ulbsibiu.ro\/ccsprise\/lact\/wp-json\/wp\/v2\/posts\/5275\/revisions\/5276"}],"wp:attachment":[{"href":"https:\/\/centers.ulbsibiu.ro\/ccsprise\/lact\/wp-json\/wp\/v2\/media?parent=5275"}],"wp:term":[{"taxonomy":"category","embeddable":true,"href":"https:\/\/centers.ulbsibiu.ro\/ccsprise\/lact\/wp-json\/wp\/v2\/categories?post=5275"},{"taxonomy":"post_tag","embeddable":true,"href":"https:\/\/centers.ulbsibiu.ro\/ccsprise\/lact\/wp-json\/wp\/v2\/tags?post=5275"}],"curies":[{"name":"wp","href":"https:\/\/api.w.org\/{rel}","templated":true}]}}