{"id":5273,"date":"2018-08-19T21:45:18","date_gmt":"2018-08-19T19:45:18","guid":{"rendered":"https:\/\/centers.ulbsibiu.ro\/ccsprise\/lact\/?p=5273"},"modified":"2018-08-19T21:45:18","modified_gmt":"2018-08-19T19:45:18","slug":"infotag-md-profesorul-nipon-kimitako-matsuzato-a-vizitat-transnistria-dupa-o-pauza-de-sase-ani","status":"publish","type":"post","link":"https:\/\/centers.ulbsibiu.ro\/ccsprise\/lact\/infotag-md-profesorul-nipon-kimitako-matsuzato-a-vizitat-transnistria-dupa-o-pauza-de-sase-ani\/","title":{"rendered":"Infotag.md &#8211; PROFESORUL NIPON KIMITAKO MATSUZATO A VIZITAT TRANSNISTRIA DUP\u0102 O PAUZ\u0102 DE \u0218ASE ANI"},"content":{"rendered":"<p>Directorul Centrului de Studii Slavone al Universit\u0103\u021bii din Hokkaido (Sapporo), profesorul nipon, Kimitako Matsuzato, a fost \u00een ajun \u00een vizit\u0103 la Tiraspol, pe care l-a vizitat ultima dat\u0103 \u00een 2012.<\/p>\n<p>Potrivit agen\u021biei INFOTAG cu referire la site-ul MAE al autoproclamatei RMN, savantul este interesat de probleme de solu\u021bionare a conflictelor \u00een spa\u021biul postsovietic \u015fi din acest motiv el a vizitat Transnistria de mai multe ori.<\/p>\n<p>Ministrul de Externe al regiunii, Vitalii Ignatiev, i-a vorbit oaspetelui despre situa\u021bia din procesul de negocieri \u0219i ini\u021biativele Transnistriei, care, potrivit lui, \u201eau permis formarea unei dinamici pozitive \u00een dialog \u0219i concentrarea pe rezolvarea unui complex de probleme social-economice \u0219i umanitare\u201d.<\/p>\n<p>El a subliniat \u201eavansarea important\u0103 \u00een domeniul atragerii investi\u021biilor de peste hotare \u00een Transnistria\u201d.<\/p>\n<p>Ignatiev i-a f\u0103cut drept cadou lui Kimitako Matsuzato cartea \u201eBazele politico-juridice ale recunoa\u0219terii interna\u021bionale a independen\u021bei RMN\u201d.<\/p>\n<p>Potrivit comunicatului, Kimitako Matsuzato i-a mul\u021bumit ministrului \u201epentru comunicarea deschis\u0103, men\u021bion\u00e2nd schimb\u0103rile pozitive care s-au produs \u00een republic\u0103 de la ultima sa vizit\u0103\u201d.<\/p>\n<p>INFOTAG precizeaz\u0103: Profesorul nipon este redactor \u0219tiin\u021bific \u0219i unul dintre coautorii culegerii de articole \u201eTransnistria \u00een contextul macroregional de pe coasta M\u0103rii Negre\u201d, editate \u00een 2008.<\/p>\n<p>Sursa:\u00a0<a href=\"http:\/\/www.infotag.md\/rebelion-ro\/266045\/\">http:\/\/www.infotag.md\/<\/a><\/p>\n","protected":false},"excerpt":{"rendered":"<p>Directorul Centrului de Studii Slavone al Universit\u0103\u021bii din Hokkaido (Sapporo), profesorul nipon, Kimitako Matsuzato, a fost \u00een ajun \u00een vizit\u0103 la Tiraspol, pe care l-a vizitat ultima dat\u0103 \u00een 2012. Potrivit agen\u021biei INFOTAG cu referire la site-ul MAE al autoproclamatei RMN, savantul este interesat de probleme de solu\u021bionare a conflictelor \u00een spa\u021biul postsovietic \u015fi din&#8230;<\/p>\n","protected":false},"author":2,"featured_media":0,"comment_status":"closed","ping_status":"open","sticky":false,"template":"","format":"standard","meta":[],"categories":[1],"tags":[],"_links":{"self":[{"href":"https:\/\/centers.ulbsibiu.ro\/ccsprise\/lact\/wp-json\/wp\/v2\/posts\/5273"}],"collection":[{"href":"https:\/\/centers.ulbsibiu.ro\/ccsprise\/lact\/wp-json\/wp\/v2\/posts"}],"about":[{"href":"https:\/\/centers.ulbsibiu.ro\/ccsprise\/lact\/wp-json\/wp\/v2\/types\/post"}],"author":[{"embeddable":true,"href":"https:\/\/centers.ulbsibiu.ro\/ccsprise\/lact\/wp-json\/wp\/v2\/users\/2"}],"replies":[{"embeddable":true,"href":"https:\/\/centers.ulbsibiu.ro\/ccsprise\/lact\/wp-json\/wp\/v2\/comments?post=5273"}],"version-history":[{"count":1,"href":"https:\/\/centers.ulbsibiu.ro\/ccsprise\/lact\/wp-json\/wp\/v2\/posts\/5273\/revisions"}],"predecessor-version":[{"id":5274,"href":"https:\/\/centers.ulbsibiu.ro\/ccsprise\/lact\/wp-json\/wp\/v2\/posts\/5273\/revisions\/5274"}],"wp:attachment":[{"href":"https:\/\/centers.ulbsibiu.ro\/ccsprise\/lact\/wp-json\/wp\/v2\/media?parent=5273"}],"wp:term":[{"taxonomy":"category","embeddable":true,"href":"https:\/\/centers.ulbsibiu.ro\/ccsprise\/lact\/wp-json\/wp\/v2\/categories?post=5273"},{"taxonomy":"post_tag","embeddable":true,"href":"https:\/\/centers.ulbsibiu.ro\/ccsprise\/lact\/wp-json\/wp\/v2\/tags?post=5273"}],"curies":[{"name":"wp","href":"https:\/\/api.w.org\/{rel}","templated":true}]}}