{"id":5271,"date":"2018-08-19T21:42:33","date_gmt":"2018-08-19T19:42:33","guid":{"rendered":"https:\/\/centers.ulbsibiu.ro\/ccsprise\/lact\/?p=5271"},"modified":"2018-08-19T21:42:33","modified_gmt":"2018-08-19T19:42:33","slug":"tv8-md-cinci-statii-de-testare-auto-din-transnistria-vor-fi-autorizate-de-autoritatile-de-la-chisinau","status":"publish","type":"post","link":"https:\/\/centers.ulbsibiu.ro\/ccsprise\/lact\/tv8-md-cinci-statii-de-testare-auto-din-transnistria-vor-fi-autorizate-de-autoritatile-de-la-chisinau\/","title":{"rendered":"Tv8.md &#8211; Cinci sta\u021bii de testare auto din Transnistria vor fi autorizate de autorit\u0103\u021bile de la Chi\u0219in\u0103u"},"content":{"rendered":"<p class=\"post-subtitle\">Cinci sta\u021bii de testare tehnic\u0103 auto din regiunea transnistrean\u0103 urmeaz\u0103 s\u0103 fie autorizate de autorit\u0103\u021bile de la Chi\u0219in\u0103u pentru servicii ce vor prestate proprietarilor de autoturismelor care urmeaz\u0103 s\u0103 fie acceptate \u00een traficul interna\u021bional pe baza unor pl\u0103cu\u021be de \u00eenmatriculare neutre.<\/p>\n<p>Despre acest fapt s-a discutat \u00een \u0219edin\u021ba de vineri a grupurilor de lucru pentru dezvoltarea transportului auto \u0219i infrastructurii drumurilor, cu participarea reprezentan\u021bilor partenerilor interna\u021bionali din cadrul formatului de negocieri \u201e5+2\u201d.<\/p>\n<p>Potrivit unui comunicat al Guvernului, conduc\u0103torii celor cinci sta\u021bii au frecventat cursuri de instruire organizate de c\u0103tre reprezentan\u021bii Agen\u021biei Na\u021bionale Transport Auto (ANTA), iar timpul apropiat sta\u021biile nominalizate urmeaz\u0103 s\u0103 ob\u021bin\u0103 de la ANTA autoriza\u021biile de activitate \u00een domeniul inspec\u021biei tehnice a autovehiculelor.<\/p>\n<p>S\u0103pt\u0103m\u00e2na viitoare grupurile de lucru vor discuta despre asigurarea func\u021bionalit\u0103\u021bii punctelor de \u00eenmatriculare a mijloacelor de transport din ora\u0219ele R\u00e2bni\u021ba \u0219i Tiraspol.<\/p>\n<p>Amintim c\u0103, Chi\u0219in\u0103ul s-a angajat s\u0103 accepte mijloacele de transport din regiunea transnistrean\u0103 \u00een traficul interna\u021bional \u00eencep\u00e2nd cu 1 septembrie.<\/p>\n<p>Sursa:\u00a0<a href=\"http:\/\/tv8.md\/2018\/08\/19\/cinci-statii-de-testare-auto-din-transnistria-vor-fi-autorizate-de-autoritatile-de-la-chisinau\/\">http:\/\/tv8.md\/<\/a><\/p>\n","protected":false},"excerpt":{"rendered":"<p>Cinci sta\u021bii de testare tehnic\u0103 auto din regiunea transnistrean\u0103 urmeaz\u0103 s\u0103 fie autorizate de autorit\u0103\u021bile de la Chi\u0219in\u0103u pentru servicii ce vor prestate proprietarilor de autoturismelor care urmeaz\u0103 s\u0103 fie acceptate \u00een traficul interna\u021bional pe baza unor pl\u0103cu\u021be de \u00eenmatriculare neutre. Despre acest fapt s-a discutat \u00een \u0219edin\u021ba de vineri a grupurilor de lucru pentru&#8230;<\/p>\n","protected":false},"author":2,"featured_media":0,"comment_status":"closed","ping_status":"open","sticky":false,"template":"","format":"standard","meta":[],"categories":[1],"tags":[],"_links":{"self":[{"href":"https:\/\/centers.ulbsibiu.ro\/ccsprise\/lact\/wp-json\/wp\/v2\/posts\/5271"}],"collection":[{"href":"https:\/\/centers.ulbsibiu.ro\/ccsprise\/lact\/wp-json\/wp\/v2\/posts"}],"about":[{"href":"https:\/\/centers.ulbsibiu.ro\/ccsprise\/lact\/wp-json\/wp\/v2\/types\/post"}],"author":[{"embeddable":true,"href":"https:\/\/centers.ulbsibiu.ro\/ccsprise\/lact\/wp-json\/wp\/v2\/users\/2"}],"replies":[{"embeddable":true,"href":"https:\/\/centers.ulbsibiu.ro\/ccsprise\/lact\/wp-json\/wp\/v2\/comments?post=5271"}],"version-history":[{"count":1,"href":"https:\/\/centers.ulbsibiu.ro\/ccsprise\/lact\/wp-json\/wp\/v2\/posts\/5271\/revisions"}],"predecessor-version":[{"id":5272,"href":"https:\/\/centers.ulbsibiu.ro\/ccsprise\/lact\/wp-json\/wp\/v2\/posts\/5271\/revisions\/5272"}],"wp:attachment":[{"href":"https:\/\/centers.ulbsibiu.ro\/ccsprise\/lact\/wp-json\/wp\/v2\/media?parent=5271"}],"wp:term":[{"taxonomy":"category","embeddable":true,"href":"https:\/\/centers.ulbsibiu.ro\/ccsprise\/lact\/wp-json\/wp\/v2\/categories?post=5271"},{"taxonomy":"post_tag","embeddable":true,"href":"https:\/\/centers.ulbsibiu.ro\/ccsprise\/lact\/wp-json\/wp\/v2\/tags?post=5271"}],"curies":[{"name":"wp","href":"https:\/\/api.w.org\/{rel}","templated":true}]}}