{"id":5267,"date":"2018-08-16T17:23:08","date_gmt":"2018-08-16T15:23:08","guid":{"rendered":"https:\/\/centers.ulbsibiu.ro\/ccsprise\/lact\/?p=5267"},"modified":"2020-06-12T18:41:45","modified_gmt":"2020-06-12T16:41:45","slug":"deschide-md-leahu-reactia-chisinaului-la-fortarea-nistrului-de-catre-trupele-ruse-este-una-tardiva-si-timorata","status":"publish","type":"post","link":"https:\/\/centers.ulbsibiu.ro\/ccsprise\/lact\/deschide-md-leahu-reactia-chisinaului-la-fortarea-nistrului-de-catre-trupele-ruse-este-una-tardiva-si-timorata\/","title":{"rendered":"Deschide.md &#8211; Leahu: Reac\u021bia Chi\u0219in\u0103ului la for\u021barea Nistrului de c\u0103tre trupele ruse este una tardiv\u0103 \u0219i timorat\u0103"},"content":{"rendered":"<p><span style=\"display: inline !important; float: none; background-color: transparent; color: #888888; font-family: 'Open Sans',sans-serif; font-size: 12px; font-style: normal; font-variant: normal; font-weight: 400; letter-spacing: normal; orphans: 2; text-align: left; text-decoration: none; text-indent: 0px; text-transform: none; -webkit-text-stroke-width: 0px; white-space: normal; word-spacing: 0px;\">Author: Vasile Cojocar<\/span><\/p>\n<p>Teama de reac\u0163ia Federa\u0163iei Ruse inhib\u0103 Chi\u015fin\u0103ul s\u0103 reac\u0163ioneze la ac\u0163iunile trupelor ruse de ocupa\u0163ie din Transnistria. Este opinia fostului \u0219ef al delega\u0163iei Republicii Moldova \u00een cadrul Comisiei Unificate de Control, Ion Leahu.<\/p>\n<p>Sarcina de baz\u0103 a trupelor ruse de ocupa\u0163ie sunt ac\u0163iunile militare pe malul drept al Nistrului, a declarat Ion Leahu pentru DESCHIDE.MD, coment\u00e2nd tentativele de for\u0163are a r\u00e2ului \u00een cadrul unor exerci\u0163ii desf\u0103\u015furare de GOTR zilele acestea.<\/p>\n<p>\u201eEu cred c\u0103, \u00een situa\u021bia dat\u0103, autorit\u0103\u021bile moldovene\u0219ti sunt limitate \u00een ac\u021biuni. \u00cen principiu, nu Transnistria, ci Federa\u021bia Rus\u0103 efectueaz\u0103 aceste cantonamente, aceste ac\u021biuni agresive. Tot ce face Chi\u0219in\u0103ul este, \u00een principiu, binevenit, dar cu o foarte mare marj\u0103 de \u00eent\u00e2rziere. Atitudinea a fost luat\u0103 acum vreo 5-7 ani, \u00een 2011, c\u00e2nd, pentru prima dat\u0103, a fost for\u021bat Nistru, cu blindate, de c\u0103tre trupele ruse de ocupa\u021bie. Trebuia atunci de luat o atitudine mult mai dur\u0103 dec\u00e2t s-a luat \u00een realitate. Repet, noi suntem foarte limita\u021bi, iar ac\u021biunile minore, care mai sunt, le efectu\u0103m cu o mare doz\u0103 de ne\u00eencredere \u0219i mereu a\u0219tept\u0103m s\u0103 vedem cum va reac\u021biona Federa\u021bia Rus\u0103\u201d, spune Leahu.<\/p>\n<p>Leahu a subliniat c\u0103, din partea Chi\u0219in\u0103ului, se impune o reac\u021bie mai dur\u0103, nu doar comunicate de pres\u0103 seci \u0219i declara\u021bii pe Facebook ale unor oficiali.<\/p>\n<p>\u201eTransnistria \u0219i Federa\u021bia Rus\u0103 sfideaz\u0103 absolut toate regulile \u0219i angajamentele misiunii de pacificare! \u00cen comunicatul de pres\u0103 al Chi\u0219in\u0103ului lucrul acesta trebuia s\u0103 fie pus pe prim-plan. Ce fel de opera\u021biune de men\u021binere a p\u0103cii e c\u00e2nd reprezentan\u021bii Moldovei \u0219i ai OSCE sunt limita\u0163i \u00een drepturi, nu sunt oprite de patrulele trupelor ruse, care nici nu au dreptul s\u0103 patruleze zona. Ar trebui s\u0103 urmeze o decizie foarte \u0219i foarte dur\u0103, \u00eens\u0103 nici n-a fost pomenit lucrul acesta\u201d, sus\u021bine dezam\u0103git fostul \u0219ef al delega\u021biei R. Moldova la CUC.<\/p>\n<p>Ion Leahu afirm\u0103 c\u0103 un r\u0103spuns pe m\u0103sur\u0103, pe care l-ar putea da Chi\u0219in\u0103ul, ar fi adoptarea unei Declara\u021bii \u0219i \u00een\u0219tiin\u021barea Moscovei cu privire la examinarea variantei retragerii p\u0103r\u021bii moldovene\u0219ti din misiunea de pacificare, \u00een baza Acordului din 1992.<\/p>\n<p>\u201eReac\u021bia normal\u0103 a R. Moldova ar trebui s\u0103 fie adoptarea unei Declara\u021bii \u00een care toate elementele acestei situa\u021bii s\u0103 fie vizate \u0219i, \u00een primul r\u00e2nd, s\u0103 fie men\u021bionat\u0103 sfidarea normelor \u00een efectuarea misiunii de pacificare. \u015ei, \u00een al doilea r\u00e2nd, s\u0103 fie pus un termen \u00een care situa\u021bia s\u0103 revin\u0103 la normal. Iar, \u00een caz contrar, delega\u021bia R. Moldova este obligat\u0103 s\u0103 aminteasc\u0103 Federa\u021biei Ruse c\u0103, \u00een conformitate cu punctul 7 al Acordului din 1992, ea poate s\u0103 se retrag\u0103 din misiunea de pacificare \u0219i, \u00een conformitate cu Acordul din 1992, \u00een mod automat, asta \u00eenseamn\u0103 c\u0103 opera\u021biunea se stopeaz\u0103, iar p\u0103r\u021bile se retrag la locul de disloca\u021bie \u0219i trag dup\u0103 ele trupele militare. Adic\u0103 ca Federa\u021bia Rus\u0103 \u0219i Transnistria s\u0103 plece din Zona de Securitate! Dar Chi\u0219in\u0103ul niciodat\u0103 nu s-a g\u00e2ndit s\u0103 recurg\u0103 la asemenea amenin\u021bare\u201d, explic\u0103 Leahu.<\/p>\n<p>Leahu afirm\u0103 c\u0103, \u00een conformitate cu ideologia de preg\u0103tire a soldatului \u00een Federa\u021bia Rus\u0103, acesta se preg\u0103te\u0219te ca soldat universal. Acesta cunoa\u0219te mai multe deprinderi \u0219i, la baz\u0103, este \u00een primul r\u00e2nd preg\u0103tirea pentru ac\u021biuni care el le va efectua.<\/p>\n<p>\u201e\u00cen momentul \u00een care \u00een planul de preg\u0103tire este men\u021bionat for\u021barea unui bazin acvatic, \u00eenseamn\u0103 &#8211; logic! &#8211; c\u0103 \u00een planul de activitate al Districtului Militar Vest este trecerea \u0219i for\u021barea r\u00e2ului Nistru pentru careva ac\u021biuni ulterioare\u201d, se arat\u0103 convins fostul membru CUC.<\/p>\n<p>Totodat\u0103, Leahu sus\u021bine c\u0103, \u00een condi\u021biile \u00een care mi\u0219c\u0103rile militare ale Rusiei \u00een jurul Ucrainei sunt foarte suspecte, exerci\u021biile militarilor ru\u0219i din Transnistria nu sunt deloc \u00eent\u00e2mpl\u0103toare, iar R. Moldova ar putea deveni, p\u00e2n\u0103 la sf\u00e2r\u0219itul anului curent, \u021binta unor atacuri militare.<\/p>\n<p>\u201eDac\u0103 \u021binem cont de ceea ce se \u00eent\u00e2mpl\u0103 acum \u00een Ucraina, m\u0103 refer la escaladarea situa\u021biei \u00een jurul M\u0103rii Azov, asta ar putea s\u0103 fie mult mai degrab\u0103 dec\u00e2t se g\u00e2ndesc guvernan\u021bii de la Chi\u0219in\u0103u. Mai mul\u021bi exper\u021bi din str\u0103in\u0103tate, analiz\u00e2nd situa\u021bia, admit c\u0103 undeva, \u00een cursul acestui an, va avea loc ocuparea nordului Crimeei, a\u0219a cum mai este numit\u0103 Crimeea Mare, \u0219i, dup\u0103 ea, va avea loc asaltul spre frontiera Ucrainei. Adic\u0103 Republica Moldova va fi \u021binta unor atacuri militare\u201d, sus\u0163ine Leahu.<\/p>\n<p>\u201e\u00cen aceste condi\u021bii ar trebui s\u0103 fim mult mai vigilen\u021bi \u0219i hot\u0103r\u00e2\u0163i \u00een ac\u021biunile noastre\u201d, recomand\u0103 Ion Leahu.<\/p>\n<p>Textul complet:\u00a0<a href=\"https:\/\/deschide.md\/ro\/stiri\/politic\/35521\/Ion-Leahu-Reac\u021bia-Chi\u0219in\u0103ului-la-for\u021barea-Nistrului-de-c\u0103tre-trupele-ruse-de-ocupa\u021bie-este-una-tardiv\u0103-\u0219i-timorat\u0103.htm\">https:\/\/deschide.md\/<\/a><\/p>\n","protected":false},"excerpt":{"rendered":"<p>Author: Vasile Cojocar Teama de reac\u0163ia Federa\u0163iei Ruse inhib\u0103 Chi\u015fin\u0103ul s\u0103 reac\u0163ioneze la ac\u0163iunile trupelor ruse de ocupa\u0163ie din Transnistria. Este opinia fostului \u0219ef al delega\u0163iei Republicii Moldova \u00een cadrul Comisiei Unificate de Control, Ion Leahu. Sarcina de baz\u0103 a trupelor ruse de ocupa\u0163ie sunt ac\u0163iunile militare pe malul drept al Nistrului, a declarat Ion&#8230;<\/p>\n","protected":false},"author":2,"featured_media":0,"comment_status":"closed","ping_status":"open","sticky":false,"template":"","format":"standard","meta":[],"categories":[1],"tags":[],"_links":{"self":[{"href":"https:\/\/centers.ulbsibiu.ro\/ccsprise\/lact\/wp-json\/wp\/v2\/posts\/5267"}],"collection":[{"href":"https:\/\/centers.ulbsibiu.ro\/ccsprise\/lact\/wp-json\/wp\/v2\/posts"}],"about":[{"href":"https:\/\/centers.ulbsibiu.ro\/ccsprise\/lact\/wp-json\/wp\/v2\/types\/post"}],"author":[{"embeddable":true,"href":"https:\/\/centers.ulbsibiu.ro\/ccsprise\/lact\/wp-json\/wp\/v2\/users\/2"}],"replies":[{"embeddable":true,"href":"https:\/\/centers.ulbsibiu.ro\/ccsprise\/lact\/wp-json\/wp\/v2\/comments?post=5267"}],"version-history":[{"count":1,"href":"https:\/\/centers.ulbsibiu.ro\/ccsprise\/lact\/wp-json\/wp\/v2\/posts\/5267\/revisions"}],"predecessor-version":[{"id":5268,"href":"https:\/\/centers.ulbsibiu.ro\/ccsprise\/lact\/wp-json\/wp\/v2\/posts\/5267\/revisions\/5268"}],"wp:attachment":[{"href":"https:\/\/centers.ulbsibiu.ro\/ccsprise\/lact\/wp-json\/wp\/v2\/media?parent=5267"}],"wp:term":[{"taxonomy":"category","embeddable":true,"href":"https:\/\/centers.ulbsibiu.ro\/ccsprise\/lact\/wp-json\/wp\/v2\/categories?post=5267"},{"taxonomy":"post_tag","embeddable":true,"href":"https:\/\/centers.ulbsibiu.ro\/ccsprise\/lact\/wp-json\/wp\/v2\/tags?post=5267"}],"curies":[{"name":"wp","href":"https:\/\/api.w.org\/{rel}","templated":true}]}}