{"id":5265,"date":"2018-08-16T17:17:21","date_gmt":"2018-08-16T15:17:21","guid":{"rendered":"https:\/\/centers.ulbsibiu.ro\/ccsprise\/lact\/?p=5265"},"modified":"2018-08-16T17:17:21","modified_gmt":"2018-08-16T15:17:21","slug":"infotag-md-liderul-transnistrean-si-ministrul-de-externe-al-regiunii-au-discutat-despre-procesul-de-negocieri-cu-moldova","status":"publish","type":"post","link":"https:\/\/centers.ulbsibiu.ro\/ccsprise\/lact\/infotag-md-liderul-transnistrean-si-ministrul-de-externe-al-regiunii-au-discutat-despre-procesul-de-negocieri-cu-moldova\/","title":{"rendered":"Infotag.md &#8211; LIDERUL TRANSNISTREAN \u015eI MINISTRUL DE EXTERNE AL REGIUNII AU DISCUTAT DESPRE PROCESUL DE NEGOCIERI CU MOLDOVA"},"content":{"rendered":"<p>Pre\u015fedintele autoproclamatei RMN, Vadim Krasnoselski, \u015fi \u015feful MAE al regiunii, Vitalii Ignatiev, au discutat miercuri, \u00eentr-o \u015fedin\u0163\u0103 de lucru, despre procesul de negocieri cu Moldova.<\/p>\n<p>Potrivit agen\u0163iei INFOTAG cu referire la site-ul liderului de la Tiraspol, Ignatiev a spus c\u0103 autorit\u0103\u0163ile transnistrene au \u00eendeplinit toate condi\u0163iile necesare pentru accesul fermierilor moldoveni la terenurile din raionul Dub\u0103sari.<\/p>\n<p>\u201eFermierii moldoveni au \u00eenceput s\u0103 prelucreze 5,3 mii hectare, care au fost perfectate \u00een baza autoriza\u021biilor administra\u021biei Dub\u0103sari. Problema terenurilor este la etapa de rezolvare. \u00cen primul r\u00e2nd, la nivelul p\u0103r\u021bii moldovene\u0219ti, pentru c\u0103 exist\u0103 \u00eentreb\u0103ri din partea fermierilor, proprietarilor \u0219i celor care iau \u00een chirie terenurile\u201d, a spus Ignatiev.<\/p>\n<p>El a precizat c\u0103 \u00een ultimele s\u0103pt\u0103m\u00e2ni au avut loc mai multe \u015fedin\u0163e ale grupurilor de lucru \u00een domeniul s\u0103n\u0103t\u0103\u021bii, al c\u0103ror subiect principal a fost importul de medicamente \u0219i preparate veterinare.<\/p>\n<p>\u201eEvident, nu coincid un num\u0103r mare de medicamente importate \u00een Transnistria \u0219i Moldova. Aceasta deoarece introducerea oric\u0103ror m\u0103suri de control la punctul de control Cuciurgan ar putea avea consecin\u021be ireparabile pentru asigurarea popula\u021biei Transnistriei cu medicamente\u201d, a declarat Ignatiev.<\/p>\n<p>La \u015fedin\u0163\u0103 a fost abordat \u015fi subiectul cauzelor penale motivate politic, deschide la Tiraspol \u015fi Chi\u015fin\u0103u, fiind subliniat\u0103 necesitatea de a le \u00eenceta \u015fi de a face schimb cu listele respective.<\/p>\n<p>\u201eDeocamdat\u0103 nu vedem vreun entuziasm din partea Moldovei, de aceea continu\u0103m s\u0103 facem ceea ce depinde de noi pentru solu\u0163ionarea acestei probleme. A\u015ftept\u0103m ac\u0163iuni concrete din partea Chi\u015fin\u0103ului\u201d, a spus Ignatiev.<\/p>\n<p>Referindu-se la problema telecomunica\u0163iilor, \u015feful MAE al regiunii a men\u0163ionat c\u0103, \u00een conformitate cu foaia de parcurs semnat\u0103 \u00een cadrul protocolului de la Roma, Moldova trebuie s\u0103 identifice parametrii de distribuire a frecven\u0163elor, ceea ce este una dintre cele mai importante chestiuni \u00een acest sens.<\/p>\n<p>El a men\u0163ionat c\u0103 actualmente nu se desf\u0103\u015foar\u0103 \u015fedin\u0163ele grupurilor de exper\u0163i, deoarece reprezentan\u0163ii Moldovei nu sunt gata s\u0103 dea un r\u0103spuns \u00een cadrul foii de parcurs adoptate. Totodat\u0103, el a precizat c\u0103 lucr\u0103rile la nivel tehnic continu\u0103.<\/p>\n<p>Sursa:\u00a0<a href=\"http:\/\/www.infotag.md\/rebelion-ro\/266007\/\">http:\/\/www.infotag.md\/<\/a><\/p>\n","protected":false},"excerpt":{"rendered":"<p>Pre\u015fedintele autoproclamatei RMN, Vadim Krasnoselski, \u015fi \u015feful MAE al regiunii, Vitalii Ignatiev, au discutat miercuri, \u00eentr-o \u015fedin\u0163\u0103 de lucru, despre procesul de negocieri cu Moldova. Potrivit agen\u0163iei INFOTAG cu referire la site-ul liderului de la Tiraspol, Ignatiev a spus c\u0103 autorit\u0103\u0163ile transnistrene au \u00eendeplinit toate condi\u0163iile necesare pentru accesul fermierilor moldoveni la terenurile din raionul&#8230;<\/p>\n","protected":false},"author":2,"featured_media":0,"comment_status":"closed","ping_status":"open","sticky":false,"template":"","format":"standard","meta":[],"categories":[1],"tags":[],"_links":{"self":[{"href":"https:\/\/centers.ulbsibiu.ro\/ccsprise\/lact\/wp-json\/wp\/v2\/posts\/5265"}],"collection":[{"href":"https:\/\/centers.ulbsibiu.ro\/ccsprise\/lact\/wp-json\/wp\/v2\/posts"}],"about":[{"href":"https:\/\/centers.ulbsibiu.ro\/ccsprise\/lact\/wp-json\/wp\/v2\/types\/post"}],"author":[{"embeddable":true,"href":"https:\/\/centers.ulbsibiu.ro\/ccsprise\/lact\/wp-json\/wp\/v2\/users\/2"}],"replies":[{"embeddable":true,"href":"https:\/\/centers.ulbsibiu.ro\/ccsprise\/lact\/wp-json\/wp\/v2\/comments?post=5265"}],"version-history":[{"count":1,"href":"https:\/\/centers.ulbsibiu.ro\/ccsprise\/lact\/wp-json\/wp\/v2\/posts\/5265\/revisions"}],"predecessor-version":[{"id":5266,"href":"https:\/\/centers.ulbsibiu.ro\/ccsprise\/lact\/wp-json\/wp\/v2\/posts\/5265\/revisions\/5266"}],"wp:attachment":[{"href":"https:\/\/centers.ulbsibiu.ro\/ccsprise\/lact\/wp-json\/wp\/v2\/media?parent=5265"}],"wp:term":[{"taxonomy":"category","embeddable":true,"href":"https:\/\/centers.ulbsibiu.ro\/ccsprise\/lact\/wp-json\/wp\/v2\/categories?post=5265"},{"taxonomy":"post_tag","embeddable":true,"href":"https:\/\/centers.ulbsibiu.ro\/ccsprise\/lact\/wp-json\/wp\/v2\/tags?post=5265"}],"curies":[{"name":"wp","href":"https:\/\/api.w.org\/{rel}","templated":true}]}}