{"id":5260,"date":"2018-08-15T18:03:07","date_gmt":"2018-08-15T16:03:07","guid":{"rendered":"https:\/\/centers.ulbsibiu.ro\/ccsprise\/lact\/?p=5260"},"modified":"2020-06-12T18:42:11","modified_gmt":"2020-06-12T16:42:11","slug":"europalibera-org-reactia-chisinaului-la-noul-exercitiu-al-trupelor-ruse-cu-fortarea-nistrului","status":"publish","type":"post","link":"https:\/\/centers.ulbsibiu.ro\/ccsprise\/lact\/europalibera-org-reactia-chisinaului-la-noul-exercitiu-al-trupelor-ruse-cu-fortarea-nistrului\/","title":{"rendered":"Europalibera.org &#8211; Reac\u021bia Chi\u0219in\u0103ului la noul exerci\u0163iu al trupelor ruse cu \u201efor\u0163area\u201d Nistrului"},"content":{"rendered":"<ul class=\"links__list links__list--column\">\n<li class=\"links__item\"><a class=\"links__item-link\" title=\"Liliana Barb\u0103ro\u0219ie\" href=\"https:\/\/www.europalibera.org\/author\/20469.html\">Liliana Barb\u0103ro\u0219ie<\/a><\/li>\n<\/ul>\n<p><em>Chi\u015fin\u0103ul a r\u0103spuns unui exerci\u0163iu militar cu for\u0163area r\u00e2ului Nistru desf\u0103\u015furat cu o zi mai devreme de Grupul Operativ de Trupe Ruse din regiunea transnitrean\u0103, pe scurt GOTR, cu un comunicat al delega\u0163iei moldovene\u015fti \u00een Comisia Unificat\u0103 de Control, care nume\u015fte \u201eprovocator\u201d \u015fi \u201e\u200bsfid\u0103tor\u201d antrenamentul din zona de securitate. \u00cen loc s\u0103 emit\u0103 comunicate \u201e\u200bsterile\u201d, autorit\u0103\u0163ile moldovene ar face mai bine dac\u0103 ar impiedica dotarea \u015fi asigurarea logistic\u0103 a unor astfel de antrenamente, spun pe de alt\u0103 parte unii observatori. Pe ce se bazeaz\u0103 astfel de critici?<\/em><\/p>\n<p>Exist\u0103 mai multe motive din care exerci\u0163iul, al patrulea de acest fel dup\u0103 anexarea Crimeii de c\u0103tre Moscova \u015fi agresiunea Rusiei din estul Ucrainei, nu are \u00een general ce c\u0103uta \u00een zona de securitate. \u00cen primul r\u00e2nd, pentru c\u0103 o zon\u0103 de securitate pentru asta \u015fi exist\u0103 ca s\u0103 fie liber\u0103 de orice militari, cu excep\u0163ia for\u0163elor de pacificare. Apoi, av\u00e2nd misiunea clar\u0103 s\u0103 p\u0103zeasc\u0103 depozitele de muni\u0163ii de la Cobasna \u015fi s\u0103 asiste pacificatorii, militarii din GOTR nu au ce c\u0103uta la un astfel de exerci\u0163iu.<\/p>\n<p>\u00cen sf\u00e2r\u015fit, scenariul antrenamentelor respective se \u00eencheie cu for\u0163area, prin intermediul unor blindate, a r\u00eeului Nistru, ceea ce este \u015fi partea cea mai sfid\u0103toare pentru Chi\u015fin\u0103u a antrenamentului.<\/p>\n<p>Iat\u0103 de ce, comunicatul difuzat de delega\u0163ia moldoveneasc\u0103 \u00een Comisia Unificat\u0103 de Control calific\u0103 drept \u201eneautorizat\u201d exerci\u0163iul militar de mar\u0163i anun\u0163at, a\u015fa cum se \u015ftie, de Districtul militar de Vest al Ministerului rus al Ap\u0103r\u0103rii, spune c\u0103 asemenea ac\u0163iuni \u00eencalc\u0103 mecanismul existent de asigurare a regimului \u00een zona de securitate, dar \u0219i cel al desf\u0103\u0219ur\u0103rii misiunii de pacificare, \u015fi avertizeaz\u0103 asupra riscului gener\u0103rii de noi tensiuni \u00een aceast\u0103 zon\u0103.<\/p>\n<p>Lucruri similare autorit\u0103\u0163ile moldovene au spus \u00eens\u0103 \u015fi anul trecut, ca \u015fi cu un an mai devreme, adic\u0103 ori de c\u00e2te ori \u00een regiunea transnistrean\u0103 au avut loc exerci\u0163ii militare cu implicarea GOTR \u015fi for\u0163area r\u00e2ului Nistru. \u201eDemonstra\u0163ie de for\u0163\u0103 \u015fi sfidare a mecanismelor de negociere \u015fi pacificare\u201d, a calificat bun\u0103oar\u0103 \u00een 2016 un antrenament similar ministerul moldovean al afacerilor externe.<\/p>\n<p>Numai c\u0103 mesajele respective nu au ajutat la nimic, spune pe de alt\u0103 parte expertul \u00een securitate al IDIS Viitorul <strong>Rosian Vasiloi<\/strong>: (&#8230;)<\/p>\n<p>Textul complet:\u00a0<a href=\"https:\/\/www.europalibera.org\/a\/reac\u021bia-chi\u0219in\u0103ului-la-noul-exerci\u0163iu-al-trupelor-ruse-cu-for\u0163area-nistrului\/29435563.html\">https:\/\/www.europalibera.org\/<\/a><\/p>\n","protected":false},"excerpt":{"rendered":"<p>Liliana Barb\u0103ro\u0219ie Chi\u015fin\u0103ul a r\u0103spuns unui exerci\u0163iu militar cu for\u0163area r\u00e2ului Nistru desf\u0103\u015furat cu o zi mai devreme de Grupul Operativ de Trupe Ruse din regiunea transnitrean\u0103, pe scurt GOTR, cu un comunicat al delega\u0163iei moldovene\u015fti \u00een Comisia Unificat\u0103 de Control, care nume\u015fte \u201eprovocator\u201d \u015fi \u201e\u200bsfid\u0103tor\u201d antrenamentul din zona de securitate. \u00cen loc s\u0103 emit\u0103&#8230;<\/p>\n","protected":false},"author":2,"featured_media":0,"comment_status":"closed","ping_status":"open","sticky":false,"template":"","format":"standard","meta":[],"categories":[1],"tags":[],"_links":{"self":[{"href":"https:\/\/centers.ulbsibiu.ro\/ccsprise\/lact\/wp-json\/wp\/v2\/posts\/5260"}],"collection":[{"href":"https:\/\/centers.ulbsibiu.ro\/ccsprise\/lact\/wp-json\/wp\/v2\/posts"}],"about":[{"href":"https:\/\/centers.ulbsibiu.ro\/ccsprise\/lact\/wp-json\/wp\/v2\/types\/post"}],"author":[{"embeddable":true,"href":"https:\/\/centers.ulbsibiu.ro\/ccsprise\/lact\/wp-json\/wp\/v2\/users\/2"}],"replies":[{"embeddable":true,"href":"https:\/\/centers.ulbsibiu.ro\/ccsprise\/lact\/wp-json\/wp\/v2\/comments?post=5260"}],"version-history":[{"count":2,"href":"https:\/\/centers.ulbsibiu.ro\/ccsprise\/lact\/wp-json\/wp\/v2\/posts\/5260\/revisions"}],"predecessor-version":[{"id":5262,"href":"https:\/\/centers.ulbsibiu.ro\/ccsprise\/lact\/wp-json\/wp\/v2\/posts\/5260\/revisions\/5262"}],"wp:attachment":[{"href":"https:\/\/centers.ulbsibiu.ro\/ccsprise\/lact\/wp-json\/wp\/v2\/media?parent=5260"}],"wp:term":[{"taxonomy":"category","embeddable":true,"href":"https:\/\/centers.ulbsibiu.ro\/ccsprise\/lact\/wp-json\/wp\/v2\/categories?post=5260"},{"taxonomy":"post_tag","embeddable":true,"href":"https:\/\/centers.ulbsibiu.ro\/ccsprise\/lact\/wp-json\/wp\/v2\/tags?post=5260"}],"curies":[{"name":"wp","href":"https:\/\/api.w.org\/{rel}","templated":true}]}}