{"id":5250,"date":"2018-08-14T17:15:07","date_gmt":"2018-08-14T15:15:07","guid":{"rendered":"https:\/\/centers.ulbsibiu.ro\/ccsprise\/lact\/?p=5250"},"modified":"2018-08-14T17:15:07","modified_gmt":"2018-08-14T15:15:07","slug":"gov-md-o-noua-sfidare-a-regimului-in-zona-de-securitate","status":"publish","type":"post","link":"https:\/\/centers.ulbsibiu.ro\/ccsprise\/lact\/gov-md-o-noua-sfidare-a-regimului-in-zona-de-securitate\/","title":{"rendered":"Gov.md &#8211; O nou\u0103 sfidare a regimului \u00een Zona de Securitate"},"content":{"rendered":"<p>Delega\u021bia Republicii Moldova \u00een Comisia Unificat\u0103 de Control (CUC) \u00ee\u0219i exprim\u0103 \u00eengrijorarea \u015fi nedumerirea \u00een leg\u0103tur\u0103 cu desf\u0103\u015furarea neautorizat\u0103 a unor exerci\u021bii militare cu for\u021barea r\u00e2ului Nistru, care ar putea genera noi tensiuni \u00een Zona de Securitate.<\/p>\n<p>\u00cen diminea\u021ba zilei de 14 august curent pe malul st\u00e2ng al Nistrului, \u00een regiunea plajei din s.T\u00e2rnauca, raionul Slobozia \u0219i \u00een apropiere de podul de pietoni peste r. Nistru din or. Tiraspol, a fost stabilit\u0103 concentrarea tehnicii blindate de tip TAB (,,\u0411\u0422\u042070\u201d) \u0219i a autocamioanelor militare f\u0103r\u0103 numere de \u00eenmatriculare \u0219i \u00eensemne de apartenen\u021b\u0103. Conform rapoartelor, se auzeau bine motoarele blindatelor, iar tehnica \u0219i echipamentul militar special au fost observate intr\u00e2nd \u00een apele r\u00e2ului Nistru.<\/p>\n<p>Comandamentul militar al Contingentului For\u021belor de Men\u021binere a P\u0103cii al Republicii Moldova (FMP al RM) a ini\u021biat m\u0103suri de verificare a teritoriului \u00een cauz\u0103, \u00eens\u0103, \u0219efului militar superior al FMP al RM i s-a interzis de c\u0103tre persoane necunoscute accesul la fa\u021ba locului, ultimul fiind nevoit s\u0103 solicite ie\u0219irea grupului de observatori militari, la sosirea c\u0103rora s-a constatat deja plecarea tehnicii blindate \u0219i a autocamioanelor. De notat c\u0103 patrula militar\u0103 a GOTR se afl\u0103 \u00een Zona de Securitate ilegal, f\u0103r\u0103 acceptul Comandamentului Militar \u00centrunit.<\/p>\n<p>\u00cen context, eviden\u021biem c\u0103 \u00eenc\u0103 la 13 august curent pe site-ul oficial al Districtului Militar Vest al Federa\u0163iei Ruse a ap\u0103rut informa\u0163ia precum c\u0103 GOTR, dislocat \u00een regiunea transnistrean\u0103 a Republicii Moldova, \u0219i-a preg\u0103tit ma\u015finile de lupt\u0103 blindate pentru eventuale aplica\u0163ii cu traversarea barierelor de ap\u0103 (https:\/\/structure.mil.ru\/structure\/okruga\/west\/news\/more.htm?id=12190813@egNews).<\/p>\n<p>Ac\u0163iunile men\u0163ionate, la fel ca \u015fi alte precedente similare \u00eentreprinse \u00een Zona de Securitate de c\u0103tre trupele militare ale Federa\u0163iei Ruse, precum \u0219i modul prin care aceste ac\u021biuni au fost comunicate le calific\u0103m drept provocatoare \u015fi sfid\u0103toare. Aceste ac\u021biuni \u00eencalc\u0103 mecanismul existent de asigurare a regimului \u00een Zona de Securitate, dar \u0219i cel al desf\u0103\u0219ur\u0103rii misiunii de pacificare. Reprezentan\u0163ii uneia din componentele CUC manifest\u0103 incapacitatea de a-\u015fi respecta obliga\u0163iunile asumate, ignor\u00e2nd totalmente documentele de baz\u0103 ale Comisiei.<\/p>\n<p>&nbsp;<\/p>\n<p><strong>Delega\u0163ia Republicii Moldova \u00een Comisia Unificat\u0103 de Control\u00a0<\/strong><\/p>\n<p>&nbsp;<\/p>\n<p>Sursa:\u00a0<a href=\"https:\/\/gov.md\/ro\/content\/o-noua-sfidare-regimului-zona-de-securitate\">https:\/\/gov.md\/<\/a><\/p>\n","protected":false},"excerpt":{"rendered":"<p>Delega\u021bia Republicii Moldova \u00een Comisia Unificat\u0103 de Control (CUC) \u00ee\u0219i exprim\u0103 \u00eengrijorarea \u015fi nedumerirea \u00een leg\u0103tur\u0103 cu desf\u0103\u015furarea neautorizat\u0103 a unor exerci\u021bii militare cu for\u021barea r\u00e2ului Nistru, care ar putea genera noi tensiuni \u00een Zona de Securitate. \u00cen diminea\u021ba zilei de 14 august curent pe malul st\u00e2ng al Nistrului, \u00een regiunea plajei din s.T\u00e2rnauca, raionul&#8230;<\/p>\n","protected":false},"author":2,"featured_media":0,"comment_status":"closed","ping_status":"open","sticky":false,"template":"","format":"standard","meta":[],"categories":[1],"tags":[],"_links":{"self":[{"href":"https:\/\/centers.ulbsibiu.ro\/ccsprise\/lact\/wp-json\/wp\/v2\/posts\/5250"}],"collection":[{"href":"https:\/\/centers.ulbsibiu.ro\/ccsprise\/lact\/wp-json\/wp\/v2\/posts"}],"about":[{"href":"https:\/\/centers.ulbsibiu.ro\/ccsprise\/lact\/wp-json\/wp\/v2\/types\/post"}],"author":[{"embeddable":true,"href":"https:\/\/centers.ulbsibiu.ro\/ccsprise\/lact\/wp-json\/wp\/v2\/users\/2"}],"replies":[{"embeddable":true,"href":"https:\/\/centers.ulbsibiu.ro\/ccsprise\/lact\/wp-json\/wp\/v2\/comments?post=5250"}],"version-history":[{"count":1,"href":"https:\/\/centers.ulbsibiu.ro\/ccsprise\/lact\/wp-json\/wp\/v2\/posts\/5250\/revisions"}],"predecessor-version":[{"id":5251,"href":"https:\/\/centers.ulbsibiu.ro\/ccsprise\/lact\/wp-json\/wp\/v2\/posts\/5250\/revisions\/5251"}],"wp:attachment":[{"href":"https:\/\/centers.ulbsibiu.ro\/ccsprise\/lact\/wp-json\/wp\/v2\/media?parent=5250"}],"wp:term":[{"taxonomy":"category","embeddable":true,"href":"https:\/\/centers.ulbsibiu.ro\/ccsprise\/lact\/wp-json\/wp\/v2\/categories?post=5250"},{"taxonomy":"post_tag","embeddable":true,"href":"https:\/\/centers.ulbsibiu.ro\/ccsprise\/lact\/wp-json\/wp\/v2\/tags?post=5250"}],"curies":[{"name":"wp","href":"https:\/\/api.w.org\/{rel}","templated":true}]}}