{"id":5242,"date":"2018-08-10T20:44:30","date_gmt":"2018-08-10T18:44:30","guid":{"rendered":"https:\/\/centers.ulbsibiu.ro\/ccsprise\/lact\/?p=5242"},"modified":"2018-08-10T20:44:30","modified_gmt":"2018-08-10T18:44:30","slug":"infotag-md-liderul-transnistriei-considera-ca-nu-exista-alternativa-pentru-negocierile-cu-chisinaul","status":"publish","type":"post","link":"https:\/\/centers.ulbsibiu.ro\/ccsprise\/lact\/infotag-md-liderul-transnistriei-considera-ca-nu-exista-alternativa-pentru-negocierile-cu-chisinaul\/","title":{"rendered":"Infotag.md &#8211; LIDERUL TRANSNISTRIEI CONSIDER\u0102 C\u0102 NU EXIST\u0102 ALTERNATIV\u0102 PENTRU NEGOCIERILE CU CHI\u015eIN\u0102UL"},"content":{"rendered":"<p>Liderul Transnistriei, Vadim Krasnoselski, consider\u0103 c\u0103 nu exist\u0103 alternativ\u0103 pentru negocierile cu Chi\u015fin\u0103ul. Potrivit agen\u021biei INFOTAG cu referire la presa regional\u0103, despre aceasta el a declarat \u00een cadrul unei \u00eentrevederi cu membrii C\u0103z\u0103cimii Militare de la Marea Neagr\u0103.<\/p>\n<p>\u201eNu exist\u0103 nicio alternativ\u0103 la negocieri. Slav\u0103 Domnului c\u0103 exist\u0103 un compromis, exist\u0103 un dialog, exist\u0103 formatul \u201e5+2\u201d, grupuri de lucru, \u00eent\u00e2lniri \u00een formatul \u201e1+1\u201d \u201d, a spus liderul de la Tiraspol.<\/p>\n<p>El a men\u021bionat c\u0103 se va \u00eent\u00e2lni neap\u0103rat cu Pre\u0219edintele Republicii Moldova, Igor Dodon.<\/p>\n<p>\u201eEl a cerut s\u0103 ne \u00eent\u00e2lnim la mijlocul lunii septembrie. Vom discuta despre ecologie, situa\u021bia de pe r\u00e2ul Nistru, despre hidrocentralele care Ucraina le construie\u0219te\u201d, a spus Krasnoselski.<\/p>\n<p>Liderul transnistrean a subliniat c\u0103 inten\u021bioneaz\u0103 s\u0103 discute cu Pre\u0219edintele Moldovei \u201eimportan\u021ba misiunii de men\u021binere a p\u0103cii\u201d pe Nistru \u0219i chestiuni ce \u0163in de rota\u021bia militarilor ru\u0219i.<\/p>\n<p>\u201eGOTR face parte integrant\u0103 din opera\u0163iunea rus\u0103 de men\u021binere a p\u0103cii pe malurile Nistrului. \u0218i prin aceasta \u00een\u021belegem aflarea aici anume a Rusiei \u0219i, bine\u00een\u021beles, nu vom permite ca prezen\u021ba militar\u0103 rus\u0103 s\u0103 fie retras\u0103\u201d, a subliniat liderul Transnistriei.<\/p>\n<p>El le-a propus cazacilor s\u0103 desf\u0103\u015foare adun\u0103ri militare pentru a verifica \u201eresursele de mobilizare ale c\u0103z\u0103cimii\u201d.<\/p>\n<p>Dup\u0103 cum a informat anterior INFOTAG, despre \u00eent\u00e2lnirea liderilor celor dou\u0103 maluri ale Nistrului, Igor Dodon a anun\u0163at la sf\u00e2r\u0219itul lunii iulie.<\/p>\n<p>\u201ePlanific\u0103m o \u00eent\u00e2lnire cu Vadim Krasnoselski. Cel mai probabil, acesta va avea loc la 15 septembrie, pe malul drept al Nistrului, posibil la re\u0219edin\u021ba de la Condri\u021ba. Avem ce discuta\u201d, a spus Dodon.<\/p>\n<p>Igor Dodon \u0219i Vadim Krasnoselski au avut trei \u00eent\u00e2lniri \u00een mai pu\u021bin de doi ani. Imediat dup\u0103 alegeri, la \u00eenceputul lunii ianuarie 2017, ei s-au \u00eent\u00e2lnit la Bender. O alt\u0103 \u00eentrevedere a avut loc la 30 martie 2017, la re\u0219edin\u021ba pre\u0219edintelui RM la Holercani. O alt\u0103 \u00eentrevedere a avut loc \u00een luna aprilie a acestui an la Bender.<\/p>\n<p>Sursa:\u00a0<a href=\"http:\/\/www.infotag.md\/rebelion-ro\/265923\/\">http:\/\/www.infotag.md\/<\/a><\/p>\n","protected":false},"excerpt":{"rendered":"<p>Liderul Transnistriei, Vadim Krasnoselski, consider\u0103 c\u0103 nu exist\u0103 alternativ\u0103 pentru negocierile cu Chi\u015fin\u0103ul. Potrivit agen\u021biei INFOTAG cu referire la presa regional\u0103, despre aceasta el a declarat \u00een cadrul unei \u00eentrevederi cu membrii C\u0103z\u0103cimii Militare de la Marea Neagr\u0103. \u201eNu exist\u0103 nicio alternativ\u0103 la negocieri. Slav\u0103 Domnului c\u0103 exist\u0103 un compromis, exist\u0103 un dialog, exist\u0103 formatul&#8230;<\/p>\n","protected":false},"author":2,"featured_media":0,"comment_status":"closed","ping_status":"open","sticky":false,"template":"","format":"standard","meta":[],"categories":[1],"tags":[],"_links":{"self":[{"href":"https:\/\/centers.ulbsibiu.ro\/ccsprise\/lact\/wp-json\/wp\/v2\/posts\/5242"}],"collection":[{"href":"https:\/\/centers.ulbsibiu.ro\/ccsprise\/lact\/wp-json\/wp\/v2\/posts"}],"about":[{"href":"https:\/\/centers.ulbsibiu.ro\/ccsprise\/lact\/wp-json\/wp\/v2\/types\/post"}],"author":[{"embeddable":true,"href":"https:\/\/centers.ulbsibiu.ro\/ccsprise\/lact\/wp-json\/wp\/v2\/users\/2"}],"replies":[{"embeddable":true,"href":"https:\/\/centers.ulbsibiu.ro\/ccsprise\/lact\/wp-json\/wp\/v2\/comments?post=5242"}],"version-history":[{"count":1,"href":"https:\/\/centers.ulbsibiu.ro\/ccsprise\/lact\/wp-json\/wp\/v2\/posts\/5242\/revisions"}],"predecessor-version":[{"id":5243,"href":"https:\/\/centers.ulbsibiu.ro\/ccsprise\/lact\/wp-json\/wp\/v2\/posts\/5242\/revisions\/5243"}],"wp:attachment":[{"href":"https:\/\/centers.ulbsibiu.ro\/ccsprise\/lact\/wp-json\/wp\/v2\/media?parent=5242"}],"wp:term":[{"taxonomy":"category","embeddable":true,"href":"https:\/\/centers.ulbsibiu.ro\/ccsprise\/lact\/wp-json\/wp\/v2\/categories?post=5242"},{"taxonomy":"post_tag","embeddable":true,"href":"https:\/\/centers.ulbsibiu.ro\/ccsprise\/lact\/wp-json\/wp\/v2\/tags?post=5242"}],"curies":[{"name":"wp","href":"https:\/\/api.w.org\/{rel}","templated":true}]}}