{"id":5236,"date":"2018-08-08T15:52:31","date_gmt":"2018-08-08T13:52:31","guid":{"rendered":"https:\/\/centers.ulbsibiu.ro\/ccsprise\/lact\/?p=5236"},"modified":"2018-08-08T15:52:31","modified_gmt":"2018-08-08T13:52:31","slug":"publika-md-progresul-procesului-de-reglementare-a-conflictului-transnistrean-a-fost-discutat-de-andrian-candu-cu-ambasadorul-michael-scanlan","status":"publish","type":"post","link":"https:\/\/centers.ulbsibiu.ro\/ccsprise\/lact\/publika-md-progresul-procesului-de-reglementare-a-conflictului-transnistrean-a-fost-discutat-de-andrian-candu-cu-ambasadorul-michael-scanlan\/","title":{"rendered":"Publika.md &#8211; Progresul procesului de reglementare a conflictului transnistrean a fost discutat de Andrian Candu cu Ambasadorul Michael Scanlan"},"content":{"rendered":"<p><strong><span lang=\"RO\">Pre\u0219edintele Parlamentului Andrian Candu a avut o \u00eentrevedere cu Ambasadorul Michael Scanlan cu ocazia \u00eencheierii mandatului s\u0103u de \u0218ef al Misiunii OSCE \u00een Moldova.<\/span><\/strong><\/p>\n<p><span lang=\"RO\">Discu\u021biile s-au referit la <strong>progresul realizat pe parcursul acestui an \u00een procesul de reglementare a conflictului transnistrean<\/strong>, fapt reflectat prin implementarea \u00een 2018 a unui \u0219ir de acorduri prioritare.<\/span><\/p>\n<p><span lang=\"RO\">Pre\u0219edintele Parlamentului a reconfirmat disponibilitatea autorit\u0103\u021bilor de a promova \u00een continuare dialogul direct dintre Chi\u015fin\u0103u \u015fi Tiraspol, precum \u015fi de a <strong>sprijini popula\u0163ia \u015fi agen\u0163ii economici din regiunea transnistrean\u0103.<\/strong><\/span><\/p>\n<p><span lang=\"RO\">\u00cen r\u0103spuns, \u0218eful Misiunii <strong>a apreciat implicarea autorit\u0103\u021bilor Republicii Moldova care a dus la implementarea acordurilor semnate \u00een Noiembrie 2017 \u0219i Aprilie 2018.<\/strong> <\/span><\/p>\n<p><span lang=\"RO\">Ambasadorul Scanlan \u0219i-a exprimat convingerea c\u0103 <strong>progresul realizat va fi extins si \u00een alte sfere ale procesului de reglementare, precum libertatea de circula\u021bie \u0219i aspecte de securitate.<\/strong> <\/span><\/p>\n<p><span lang=\"RO\">&#8220;Moldova a transmis un semnal puternic comunit\u0103\u021bii interna\u021bionale c\u0103 <strong>conflictele prelungite pot fi solu\u021bionate prin implicare \u0219i negocieri directe dintre p\u0103r\u021bi<\/strong>&#8220;, a spus \u00een \u00eencheiere \u0218eful Misiunii OSCE.<\/span><\/p>\n<p>Cite\u0219te mai mult: <a href=\"https:\/\/www.publika.md\/progresul-procesului-de-reglementare-a-conflictului-transnistrean-a-fost-discutat-de-andrian-candu-cu-ambasadorul-michael-scanlan_3015386.html#ixzz5NaverTnp\">https:\/\/www.publika.md\/progresul-procesului-de-reglementare-a-conflictului-transnistrean-a-fost-discutat-de-andrian-candu-cu-ambasadorul-michael-scanlan_3015386.html#ixzz5NaverTnp<\/a><\/p>\n","protected":false},"excerpt":{"rendered":"<p>Pre\u0219edintele Parlamentului Andrian Candu a avut o \u00eentrevedere cu Ambasadorul Michael Scanlan cu ocazia \u00eencheierii mandatului s\u0103u de \u0218ef al Misiunii OSCE \u00een Moldova. Discu\u021biile s-au referit la progresul realizat pe parcursul acestui an \u00een procesul de reglementare a conflictului transnistrean, fapt reflectat prin implementarea \u00een 2018 a unui \u0219ir de acorduri prioritare. Pre\u0219edintele Parlamentului&#8230;<\/p>\n","protected":false},"author":2,"featured_media":0,"comment_status":"closed","ping_status":"open","sticky":false,"template":"","format":"standard","meta":[],"categories":[1],"tags":[],"_links":{"self":[{"href":"https:\/\/centers.ulbsibiu.ro\/ccsprise\/lact\/wp-json\/wp\/v2\/posts\/5236"}],"collection":[{"href":"https:\/\/centers.ulbsibiu.ro\/ccsprise\/lact\/wp-json\/wp\/v2\/posts"}],"about":[{"href":"https:\/\/centers.ulbsibiu.ro\/ccsprise\/lact\/wp-json\/wp\/v2\/types\/post"}],"author":[{"embeddable":true,"href":"https:\/\/centers.ulbsibiu.ro\/ccsprise\/lact\/wp-json\/wp\/v2\/users\/2"}],"replies":[{"embeddable":true,"href":"https:\/\/centers.ulbsibiu.ro\/ccsprise\/lact\/wp-json\/wp\/v2\/comments?post=5236"}],"version-history":[{"count":1,"href":"https:\/\/centers.ulbsibiu.ro\/ccsprise\/lact\/wp-json\/wp\/v2\/posts\/5236\/revisions"}],"predecessor-version":[{"id":5237,"href":"https:\/\/centers.ulbsibiu.ro\/ccsprise\/lact\/wp-json\/wp\/v2\/posts\/5236\/revisions\/5237"}],"wp:attachment":[{"href":"https:\/\/centers.ulbsibiu.ro\/ccsprise\/lact\/wp-json\/wp\/v2\/media?parent=5236"}],"wp:term":[{"taxonomy":"category","embeddable":true,"href":"https:\/\/centers.ulbsibiu.ro\/ccsprise\/lact\/wp-json\/wp\/v2\/categories?post=5236"},{"taxonomy":"post_tag","embeddable":true,"href":"https:\/\/centers.ulbsibiu.ro\/ccsprise\/lact\/wp-json\/wp\/v2\/tags?post=5236"}],"curies":[{"name":"wp","href":"https:\/\/api.w.org\/{rel}","templated":true}]}}