{"id":5231,"date":"2018-08-02T18:10:27","date_gmt":"2018-08-02T16:10:27","guid":{"rendered":"https:\/\/centers.ulbsibiu.ro\/ccsprise\/lact\/?p=5231"},"modified":"2020-06-12T12:11:11","modified_gmt":"2020-06-12T10:11:11","slug":"europalibera-org-gheorghe-cojocaru-scopul-tiraspolului-ramane-dobandirea-recunoasterii-internationale","status":"publish","type":"post","link":"https:\/\/centers.ulbsibiu.ro\/ccsprise\/lact\/europalibera-org-gheorghe-cojocaru-scopul-tiraspolului-ramane-dobandirea-recunoasterii-internationale\/","title":{"rendered":"Europalibera.org &#8211; Gheorghe Cojocaru: \u201eScopul Tiraspolului r\u0103m\u00e2ne dob\u00e2ndirea recunoa\u0219terii interna\u021bionale\u201d"},"content":{"rendered":"<p><a class=\"links__item-link\" title=\"Vasile Botnaru\" href=\"https:\/\/www.europalibera.org\/author\/20552.html\">Vasile Botnaru<\/a><\/p>\n<p><strong>Gheorghe Cojocaru:<\/strong> \u201eAlegerile parlamentare care, dup\u0103 cum s-a anun\u021bat recent, ar urma s\u0103 aib\u0103 loc la sf\u00e2r\u0219itul lunii februarie 2019 nu sunt pe agenda autorit\u0103\u021bilor de dincolo de Nistru. Potrivit liderului transnistrean, Vadim Krasnoselski, Chi\u0219in\u0103ul r\u0103m\u00e2ne cu alegerile sale, iar Tiraspolul \u2013 cu alegerea sa strategic\u0103 \u00een favoarea integr\u0103rii cu Rusia. Totu\u0219i, dac\u0103 cet\u0103\u021benii Republicii Moldova vor opta \u00een continuare pentru un vector european de dezvoltare, administra\u021bia de la Tiraspol se arat\u0103 dispus\u0103 s\u0103 identifice compromisuri \u0219i puncte de convergen\u021b\u0103 cu viitoarea guvernare pro-european\u0103 de la Chi\u0219in\u0103u.\u201d<\/p>\n<p><strong>Europa Liber\u0103: <\/strong><strong>Dar nu \u0219i o solu\u021bie radical\u0103 pe care o promite Igor Dodon. Krasnoselski nu \u00eemp\u0103rt\u0103\u0219e\u0219te optimismul afi\u0219at al pre\u0219edintelui moldovean c\u0103 reglementarea transnistrean\u0103 s-ar putea produce odat\u0103 cu victoria sociali\u0219tilor \u00een scrutinul din februarie?<\/strong><\/p>\n<p><strong>Gheorghe Cojocaru:<\/strong> \u201eDa, obiectivele strategice ale cursului politic urmat de actuala administra\u021bie de la Tiraspol, ca \u0219i cele precedente, de altfel, se bat cap \u00een cap cu orice \u00eencercare de readucere a zonei de peste Nistru \u00eentr-o formul\u0103 de coabitare cu \u00eentreaga Republic\u0103 Moldova. Scopul magistral al autorit\u0103\u021bilor tiraspolene r\u0103m\u00e2ne dob\u00e2ndirea recunoa\u0219terii interna\u021bionale a enclavei de peste Nistru \u0219i integrarea sa gradual\u0103 \u2013 de la cea umanitar\u0103 \u0219i cultural\u0103 la cea social-economic\u0103, politic\u0103 \u0219i militar\u0103 \u2013 \u00een cadrul Federa\u021biei Ruse. Drept suport pentru o asemenea abordare este invocat de fiecare dat\u0103 a\u0219a-zisul referendum din 2006 pentru alipirea zonei de dincolo de Nistru la Federa\u021bia Rus\u0103.\u201d<\/p>\n<p>Interviul complet:\u00a0<a href=\"https:\/\/www.europalibera.org\/a\/gheorghe-cojocaru-comentariu-transnistria\/29406895.html\">https:\/\/www.europalibera.org<\/a><\/p>\n","protected":false},"excerpt":{"rendered":"<p>Vasile Botnaru Gheorghe Cojocaru: \u201eAlegerile parlamentare care, dup\u0103 cum s-a anun\u021bat recent, ar urma s\u0103 aib\u0103 loc la sf\u00e2r\u0219itul lunii februarie 2019 nu sunt pe agenda autorit\u0103\u021bilor de dincolo de Nistru. Potrivit liderului transnistrean, Vadim Krasnoselski, Chi\u0219in\u0103ul r\u0103m\u00e2ne cu alegerile sale, iar Tiraspolul \u2013 cu alegerea sa strategic\u0103 \u00een favoarea integr\u0103rii cu Rusia. Totu\u0219i, dac\u0103&#8230;<\/p>\n","protected":false},"author":2,"featured_media":0,"comment_status":"closed","ping_status":"open","sticky":false,"template":"","format":"standard","meta":[],"categories":[1],"tags":[],"_links":{"self":[{"href":"https:\/\/centers.ulbsibiu.ro\/ccsprise\/lact\/wp-json\/wp\/v2\/posts\/5231"}],"collection":[{"href":"https:\/\/centers.ulbsibiu.ro\/ccsprise\/lact\/wp-json\/wp\/v2\/posts"}],"about":[{"href":"https:\/\/centers.ulbsibiu.ro\/ccsprise\/lact\/wp-json\/wp\/v2\/types\/post"}],"author":[{"embeddable":true,"href":"https:\/\/centers.ulbsibiu.ro\/ccsprise\/lact\/wp-json\/wp\/v2\/users\/2"}],"replies":[{"embeddable":true,"href":"https:\/\/centers.ulbsibiu.ro\/ccsprise\/lact\/wp-json\/wp\/v2\/comments?post=5231"}],"version-history":[{"count":1,"href":"https:\/\/centers.ulbsibiu.ro\/ccsprise\/lact\/wp-json\/wp\/v2\/posts\/5231\/revisions"}],"predecessor-version":[{"id":5232,"href":"https:\/\/centers.ulbsibiu.ro\/ccsprise\/lact\/wp-json\/wp\/v2\/posts\/5231\/revisions\/5232"}],"wp:attachment":[{"href":"https:\/\/centers.ulbsibiu.ro\/ccsprise\/lact\/wp-json\/wp\/v2\/media?parent=5231"}],"wp:term":[{"taxonomy":"category","embeddable":true,"href":"https:\/\/centers.ulbsibiu.ro\/ccsprise\/lact\/wp-json\/wp\/v2\/categories?post=5231"},{"taxonomy":"post_tag","embeddable":true,"href":"https:\/\/centers.ulbsibiu.ro\/ccsprise\/lact\/wp-json\/wp\/v2\/tags?post=5231"}],"curies":[{"name":"wp","href":"https:\/\/api.w.org\/{rel}","templated":true}]}}