{"id":5229,"date":"2018-08-02T18:05:07","date_gmt":"2018-08-02T16:05:07","guid":{"rendered":"https:\/\/centers.ulbsibiu.ro\/ccsprise\/lact\/?p=5229"},"modified":"2018-08-02T18:05:07","modified_gmt":"2018-08-02T16:05:07","slug":"infotag-md-declinul-natural-al-populatiei-transnistriei-a-crescut-cu-203","status":"publish","type":"post","link":"https:\/\/centers.ulbsibiu.ro\/ccsprise\/lact\/infotag-md-declinul-natural-al-populatiei-transnistriei-a-crescut-cu-203\/","title":{"rendered":"Infotag.md &#8211; DECLINUL NATURAL AL POPULA\u0162IEI TRANSNISTRIEI A CRESCUT CU 20,3%"},"content":{"rendered":"<p>\u00cen ianuarie-iunie, declinul natural al popula\u0163iei Transnistriei a constituit 1610 de persoane \u015fi a crescut cu 20,3% comparativ cu perioada similar\u0103 a anului 2017.<\/p>\n<p>Potrivit agen\u0163iei INFOTAG cu referire la datele Serviciului de statistic\u0103 din regiune, au fost \u00eenregistra\u0163i 1935 de nou-n\u0103scu\u0163i vii (-10,6%), iar num\u0103rul persoanelor decedate a ajuns la 3545 (+1,2%).<\/p>\n<p>\u00cen Transnistria principalele cauze de deces r\u0103m\u00e2n bolile cardiovasculare \u2013 1255 persoane, constituind peste 35,4% din num\u0103rul decesurilor. Apoi urmeaz\u0103 neoplasmele \u2013 651 (18,3%) \u015fi afec\u0163iunile sistemului nervos \u2013 493 (13,9%). Totodat\u0103, au decedat 13 copii cu v\u00e2rsta sub un an, acest indice fiind aproape cu o treime mai mic dec\u00e2t \u00een anul trecut.<\/p>\n<p>Referitor la migra\u0163ia popula\u0163iei, \u00een aceast\u0103 perioad\u0103, din regiune au plecat 1802 de persoane (-4,1%), dar s-au stabilit cu traiul 1477 de persoane (-16%). De regul\u0103, este vorba de cet\u0103\u0163enii Moldovei care au mai locuit aici, au ob\u0163inut cet\u0103\u0163enia transnistrean\u0103, care este mai atractiv\u0103 din cauza v\u00e2rstei mai mici de pensionare. Totodat\u0103, \u00een regiune tarifele la serviciile comunitare sunt mai mici.<\/p>\n<p>Potrivit datelor ultimului recens\u0103m\u00e2nt al popula\u0163iei din octombrie 2015, \u00een Transnistria locuiesc circa 470 mii de persoane.<\/p>\n<p>Sursa:\u00a0<a href=\"http:\/\/www.infotag.md\/rebelion-ro\/265693\/\">http:\/\/www.infotag.md\/<\/a><\/p>\n","protected":false},"excerpt":{"rendered":"<p>\u00cen ianuarie-iunie, declinul natural al popula\u0163iei Transnistriei a constituit 1610 de persoane \u015fi a crescut cu 20,3% comparativ cu perioada similar\u0103 a anului 2017. Potrivit agen\u0163iei INFOTAG cu referire la datele Serviciului de statistic\u0103 din regiune, au fost \u00eenregistra\u0163i 1935 de nou-n\u0103scu\u0163i vii (-10,6%), iar num\u0103rul persoanelor decedate a ajuns la 3545 (+1,2%). \u00cen Transnistria&#8230;<\/p>\n","protected":false},"author":2,"featured_media":0,"comment_status":"closed","ping_status":"open","sticky":false,"template":"","format":"standard","meta":[],"categories":[1],"tags":[],"_links":{"self":[{"href":"https:\/\/centers.ulbsibiu.ro\/ccsprise\/lact\/wp-json\/wp\/v2\/posts\/5229"}],"collection":[{"href":"https:\/\/centers.ulbsibiu.ro\/ccsprise\/lact\/wp-json\/wp\/v2\/posts"}],"about":[{"href":"https:\/\/centers.ulbsibiu.ro\/ccsprise\/lact\/wp-json\/wp\/v2\/types\/post"}],"author":[{"embeddable":true,"href":"https:\/\/centers.ulbsibiu.ro\/ccsprise\/lact\/wp-json\/wp\/v2\/users\/2"}],"replies":[{"embeddable":true,"href":"https:\/\/centers.ulbsibiu.ro\/ccsprise\/lact\/wp-json\/wp\/v2\/comments?post=5229"}],"version-history":[{"count":1,"href":"https:\/\/centers.ulbsibiu.ro\/ccsprise\/lact\/wp-json\/wp\/v2\/posts\/5229\/revisions"}],"predecessor-version":[{"id":5230,"href":"https:\/\/centers.ulbsibiu.ro\/ccsprise\/lact\/wp-json\/wp\/v2\/posts\/5229\/revisions\/5230"}],"wp:attachment":[{"href":"https:\/\/centers.ulbsibiu.ro\/ccsprise\/lact\/wp-json\/wp\/v2\/media?parent=5229"}],"wp:term":[{"taxonomy":"category","embeddable":true,"href":"https:\/\/centers.ulbsibiu.ro\/ccsprise\/lact\/wp-json\/wp\/v2\/categories?post=5229"},{"taxonomy":"post_tag","embeddable":true,"href":"https:\/\/centers.ulbsibiu.ro\/ccsprise\/lact\/wp-json\/wp\/v2\/tags?post=5229"}],"curies":[{"name":"wp","href":"https:\/\/api.w.org\/{rel}","templated":true}]}}