{"id":5222,"date":"2018-07-31T18:15:54","date_gmt":"2018-07-31T16:15:54","guid":{"rendered":"https:\/\/centers.ulbsibiu.ro\/ccsprise\/lact\/?p=5222"},"modified":"2018-07-31T18:15:54","modified_gmt":"2018-07-31T16:15:54","slug":"ziarulnational-md-marturie-despre-cum-a-fost-rapit-un-asa-zis-general-de-la-tiraspol-langa-chisinau-cu-implicarea-inspectorilor-de-patrulare-se-cere-demisia-ministrului-de-interne","status":"publish","type":"post","link":"https:\/\/centers.ulbsibiu.ro\/ccsprise\/lact\/ziarulnational-md-marturie-despre-cum-a-fost-rapit-un-asa-zis-general-de-la-tiraspol-langa-chisinau-cu-implicarea-inspectorilor-de-patrulare-se-cere-demisia-ministrului-de-interne\/","title":{"rendered":"Ziarulnational.md &#8211; M\u0102RTURIE despre cum a fost R\u0102PIT un a\u0219a-zis general de la Tiraspol l\u00e2ng\u0103 Chi\u0219in\u0103u, cu implicarea inspectorilor de patrulare: Se cere DEMISIA ministrului de Interne"},"content":{"rendered":"<p>Ghenadi Kuzmiciov, fost a\u0219a-zis \u0219ef al departamentului de interne de la Tiraspol, ar fi fost r\u0103pit, duminic\u0103, l\u00e2ng\u0103 Chi\u0219in\u0103u, de c\u0103tre persoane necunoscute, dup\u0103 ce ma\u0219ina condus\u0103 de acesta a fost stopat\u0103 de un echipaj al Poli\u021biei de Patrulare.<\/p>\n<p>Rudele acestuia acuz\u0103 oamenii legii din R. Moldova c\u0103 ar fi participat la aceast\u0103 \u201eopera\u021biune\u201d \u00een colaborare cu organele nerecunoscute din st\u00e2nga Nistrului, Kuzmiciov fiind ulterior dus \u0219i \u00eencarcerat \u00een Transnistria, unde ar fi acum torturat.<\/p>\n<p>Socrul fostului a\u0219a-zis oficial de la Tiraspol, care se afla cu el \u00een ma\u0219in\u0103 \u00een momentul r\u0103pirii, a povestit ast\u0103zi, \u00eentr-o conferin\u021b\u0103 de pres\u0103 la Chi\u0219in\u0103u, cum s-a \u00eent\u00e2mplat totul. Potrivit lui, el \u0219i ginerele s\u0103u se deplasau duminica trecut\u0103, \u00een jurul orei 16.00, pe traseul Chi\u0219in\u0103u-Leu\u0219eni, c\u00e2nd, la intersec\u021bie cu drumul dinspre Ialoveni, au fost stopa\u021bi de un echipaj al Poli\u021biei de Patrulare cu numerele de \u00eenmatriculare la ma\u0219ina de serviciu: \u201eMAI 0321\u201d.<\/p>\n<p>Ace\u0219tia i-au solicitat actele \u0219i i-au spus c\u0103 au \u00eenregistr\u0103ri potrivit c\u0103rora acest automobil a dep\u0103\u0219it limita de vitez\u0103 admis\u0103. \u0218i el, \u0219i ginerele s\u0103u au ie\u0219it din automobil s\u0103 vad\u0103 imaginile: \u201e\u00cen acest timp, din spate se apropie un \u201eLand Gruiser\u201d de culoare argintie, ies patru oameni masca\u021bi. Unul vine la mine, st\u0103team l\u00e2ng\u0103 ma\u0219ina Poli\u021biei de patrulare, m-a lovit \u0219i m-a pus s\u0103 stau pe capot\u0103\u201d.<\/p>\n<p>B\u0103rbatul poveste\u0219te c\u0103 poli\u021bi\u0219tii de la Chi\u0219in\u0103u s-au dat \u00eentr-o parte \u0219i se uitau la b\u0103taia dintre Kuzmiciov \u0219i masca\u021bii care a durat \u201evreo 5-7 minute\u201d. \u201eGeneralul\u201d de la Tiraspol ar fi reu\u0219it \u00een alterca\u021bie s\u0103 smulg\u0103 dou\u0103 m\u0103\u0219ti, a recunoscut f\u0103pta\u0219ii \u0219i i-a strigat socrului s\u0103 \u021bin\u0103 minte numele \u201eArcan\u201d \u0219i \u201eSemilciuc\u201d, ca fiind doi dintre r\u0103pitorii s\u0103i.<\/p>\n<p>Apoi l-au urcat pe Kuzmiciov \u00een ma\u0219in\u0103 \u0219i \u201eau plecat repede\u201d. Unul dintre ei a urcat la volanul ma\u0219inii celui r\u0103pit, cu tot cu actele \u0219i banii socrului, care r\u0103m\u0103sese pe bancheta din spate.<\/p>\n<p>De\u0219i le-a spus poli\u021bi\u0219tilor c\u0103 actele \u0219i banii s\u0103i sunt \u00een ma\u0219in\u0103, r\u0103spunsul acestora ar fi fost: \u201eO s\u0103 vi le \u00eentoarc\u0103\u201d. Ulterior, oamenii legii au urcat \u00een ma\u0219in\u0103 \u0219i au plecat \u00een direc\u021bia satului Suruceni din preajm\u0103, l\u0103s\u00e2ndu-l pe b\u0103rbat \u00een mijlocul drumului. El spune c\u0103 a rugat \u0219oferul unui microbuz de rut\u0103 s\u0103-l duc\u0103 p\u00e2n\u0103 la Suruceni f\u0103r\u0103 bani, iar pe la ora 17.00 era deja la Inspectoratul de Poli\u021bie Buiucani, unde a depus o pl\u00e2ngere \u0219i a descris circumstan\u021bele cazului.<\/p>\n<p>Avocatul celui r\u0103pit, Veaceslav \u021aucan, spune c\u0103 nici acum nu \u0219tie cine se ocup\u0103 de acest caz, de\u0219i a depus cerere la Inspectoratul General de Poli\u021bie ca s\u0103 fie informat. \u00centre timp, Kuzmiciov s-ar afla \u00eencarcerat la Tiraspol, unde ar fi fost b\u0103tut, iar medicului nu i s-a permis accesul la el.<\/p>\n<p>\u021aurcan sus\u021bine c\u0103 exist\u0103 imagini video \u00een care se vede cum ma\u0219inile respective se \u00eendreapt\u0103 \u00een st\u00e2nga Nistrului \u0219i acuz\u0103 colaboratorii de poli\u021bie din R. Moldova c\u0103 ar fi participat la r\u0103pirea lui Kuzmiciov, de c\u0103tre persoane necunoscute, pe teritoriul constitu\u021bional al R. Moldova.<\/p>\n<p>\u201eNu era posibil de a r\u0103pi aceast\u0103 persoan\u0103 f\u0103r\u0103 \u0219tirea conducerii MAI\u201d, a spus \u021aurcan, solicit\u00e2nd \u201edemisia ministrului \u00een leg\u0103tur\u0103 cu ilegalit\u0103\u021bile comise de subalternii s\u0103i\u201d.<\/p>\n<p>Pre\u0219edintele Asocia\u021biei \u201ePromo-LEX\u201d, Ion Manole, a declarat \u00een cadrul aceleia\u0219i conferin\u021be de pres\u0103 c\u0103 acesta nu este singurul caz de r\u0103pire de pe teritoriul constituional al R. Moldova, cu implicarea organelor de drept. Potrivit lui Manole, astfel de cazuri s-au mai \u00eent\u00e2mplat din anul 2000 \u00eencoace.<\/p>\n<p>\u201eLipsa reac\u021biei dup\u0103 at\u00e2tea zile demonstreaz\u0103 c\u0103 autorit\u0103\u021bile de la Chi\u0219in\u0103u au fost implicate \u00een acest caz\u201d, acuz\u0103 Manole.<\/p>\n<p>\u201eAnume autorit\u0103\u021bilor constitu\u021bionale ale R. Moldova le revine sarcina de a asigura securitatea persoanelor. R. Moldova va fi condamnat\u0103 cu siguran\u021b\u0103 pentru faptele abuzive ale autorit\u0103\u021bilor. Continu\u0103 colaborarea cu autorit\u0103\u021bile nerecunoscute de la Tiraspol. Nimeni \u00een R. Moldova nu se afl\u0103 \u00een siguran\u021b\u0103, oricine poate deveni victima unui asemenea abuz din partea autorit\u0103\u021bilor\u201d, a ad\u0103ugat Ion Manole.<\/p>\n<p>Men\u021bion\u0103m c\u0103 Ghenadi Kuzmiciov a fost unul dintre cei mai apropia\u021bi colaboratori ai fostului lider de la Tiraspol, Evgheni \u0218evciuk, anchetat \u0219i el \u00een \u0219ase dosare la Tiraspol.<\/p>\n<p>Ministerul Afacerilor Interne nu a comentat acuza\u021biile rudelor \u0219i avocatului lui Kuzmiciov.<\/p>\n<p>Sursa:\u00a0<a href=\"https:\/\/www.ziarulnational.md\/video-marturie-despre-cum-a-fost-rapit-un-asa-zis-general-de-la-tiraspol-langa-chisinau-cu-implicarea-inspectorilor-de-patrulare-se-cere-demisia-ministrului-de-interne\/\">https:\/\/www.ziarulnational.md\/<\/a><\/p>\n","protected":false},"excerpt":{"rendered":"<p>Ghenadi Kuzmiciov, fost a\u0219a-zis \u0219ef al departamentului de interne de la Tiraspol, ar fi fost r\u0103pit, duminic\u0103, l\u00e2ng\u0103 Chi\u0219in\u0103u, de c\u0103tre persoane necunoscute, dup\u0103 ce ma\u0219ina condus\u0103 de acesta a fost stopat\u0103 de un echipaj al Poli\u021biei de Patrulare. Rudele acestuia acuz\u0103 oamenii legii din R. Moldova c\u0103 ar fi participat la aceast\u0103 \u201eopera\u021biune\u201d \u00een&#8230;<\/p>\n","protected":false},"author":2,"featured_media":0,"comment_status":"closed","ping_status":"open","sticky":false,"template":"","format":"standard","meta":[],"categories":[1],"tags":[],"_links":{"self":[{"href":"https:\/\/centers.ulbsibiu.ro\/ccsprise\/lact\/wp-json\/wp\/v2\/posts\/5222"}],"collection":[{"href":"https:\/\/centers.ulbsibiu.ro\/ccsprise\/lact\/wp-json\/wp\/v2\/posts"}],"about":[{"href":"https:\/\/centers.ulbsibiu.ro\/ccsprise\/lact\/wp-json\/wp\/v2\/types\/post"}],"author":[{"embeddable":true,"href":"https:\/\/centers.ulbsibiu.ro\/ccsprise\/lact\/wp-json\/wp\/v2\/users\/2"}],"replies":[{"embeddable":true,"href":"https:\/\/centers.ulbsibiu.ro\/ccsprise\/lact\/wp-json\/wp\/v2\/comments?post=5222"}],"version-history":[{"count":1,"href":"https:\/\/centers.ulbsibiu.ro\/ccsprise\/lact\/wp-json\/wp\/v2\/posts\/5222\/revisions"}],"predecessor-version":[{"id":5223,"href":"https:\/\/centers.ulbsibiu.ro\/ccsprise\/lact\/wp-json\/wp\/v2\/posts\/5222\/revisions\/5223"}],"wp:attachment":[{"href":"https:\/\/centers.ulbsibiu.ro\/ccsprise\/lact\/wp-json\/wp\/v2\/media?parent=5222"}],"wp:term":[{"taxonomy":"category","embeddable":true,"href":"https:\/\/centers.ulbsibiu.ro\/ccsprise\/lact\/wp-json\/wp\/v2\/categories?post=5222"},{"taxonomy":"post_tag","embeddable":true,"href":"https:\/\/centers.ulbsibiu.ro\/ccsprise\/lact\/wp-json\/wp\/v2\/tags?post=5222"}],"curies":[{"name":"wp","href":"https:\/\/api.w.org\/{rel}","templated":true}]}}