{"id":5220,"date":"2018-07-31T18:12:21","date_gmt":"2018-07-31T16:12:21","guid":{"rendered":"https:\/\/centers.ulbsibiu.ro\/ccsprise\/lact\/?p=5220"},"modified":"2018-07-31T18:12:21","modified_gmt":"2018-07-31T16:12:21","slug":"publika-md-fortele-de-mentinere-a-pacii-in-zona-de-securitate-26-de-ani-de-la-creare-lesnic-misiunea-trebuie-sa-fie-una-civila-cu-mandat-international","status":"publish","type":"post","link":"https:\/\/centers.ulbsibiu.ro\/ccsprise\/lact\/publika-md-fortele-de-mentinere-a-pacii-in-zona-de-securitate-26-de-ani-de-la-creare-lesnic-misiunea-trebuie-sa-fie-una-civila-cu-mandat-international\/","title":{"rendered":"Publika.md &#8211; For\u021bele de Men\u021binere a P\u0103cii \u00een zona de securitate, 26 de ani de la creare. Lesnic: Misiunea trebuie s\u0103 fie una civil\u0103, cu mandat interna\u021bional"},"content":{"rendered":"<p><strong>Autorit\u0103\u021bile de la Chi\u0219in\u0103u vor continua s\u0103 pledeze pentru schimbarea formatului de men\u0163inere a p\u0103cii \u00een zona de securitate de la Nistru.<\/strong> Potrivit vicepremierului pentru Reintegrare, Cristina Lesnic, misiunea trebuie s\u0103 fie una civil\u0103, cu mandat interna\u021bional. Declara\u021biile au fost f\u0103cute la Varni\u021ba, dup\u0103<strong> ceremonia de aniversare a 26 de ani de la introducerea for\u021belor mixte de pacificare \u00een zona de securitate<\/strong>. La eveniment, militarii din cadrul For\u021belor de Men\u021binere a P\u0103cii au fost premia\u021bi cu distinc\u021bii \u0219i diplome.<\/p>\n<p>Vicepremierul pentru Reintegrare, Cristina Lesnic, sus\u021bine c\u0103 formatul de pacificare \u00een zona de securitate va fi discutat la nivel interna\u021bional. Potrivit ei, <strong>pe viitor autorit\u0103\u021bile vor depune mai mult efort ca s\u0103 fie evitate incidentele de tipul celor din luna iunie, c\u00e2nd mai multe blindate a Grupului Operativ al Trupelor Ruse au fost observate pe traseul R\u00e2bni\u021ba-Tiraspol.<\/strong><\/p>\n<p>&#8220;Noi trebuie s\u0103 descriem care acum sunt parametrii pentru mandatul interna\u021bional \u0219i s\u0103 \u00eentreprindem pa\u0219ii care sunt corespunz\u0103tori pentru acest mandat interna\u021bional. Noi nu ne mai dorim ca acele blindate s\u0103 se plimbe nestingherit \u00een zona de securitate&#8221;, a men\u0163ionat\u00a0Cristina Lesnic.<\/p>\n<p>Potrivit conducerii Comisiei Unificate de Control, <strong>totu\u015fi formatul actual \u0219i-a demonstrat eficien\u021ba.<\/strong><\/p>\n<p>&#8220;Trebuie s\u0103 fie un consens. \u00cens\u0103, dac\u0103 nu este preg\u0103tit ceva nou \u0219i nu este pus pe mas\u0103 \u0219i nu este acceptat, nu se poate de demolat ceea cu ce noi vie\u021buim \u0219i 26 de ani ap\u0103r\u0103m lini\u0219tea \u0219i pacea \u00een zona de securitate&#8221;, a precizat Ion Solonenco,\u00a0copre\u0219edintele Comisiei Unificate de Control.<\/p>\n<p><strong>Militarii care fac parte din misiune sus\u021bin c\u0103 sunt m\u00e2ndri de contribu\u021bia adus\u0103 \u00een men\u021binerea p\u0103cii \u00een regiune.<\/strong><\/p>\n<p>&#8220;\u00cemi place foarte mult aici. Am ob\u021binut o experien\u021b\u0103 enorm de mare lucr\u00e2nd cu efectivul&#8221;.<\/p>\n<p>&#8220;Oprim ma\u0219ini numai \u00een cazurile \u00een care primim comanda de la \u0219eful militar superior. F\u0103r\u0103 de a primi o comand\u0103 oarecare nu reac\u021bion\u0103m \u00een niciun caz&#8221;.<\/p>\n<p>Din misiunea de pacificare fac parte aproximativ 1300 de militari de pe ambele maluri ale Nistrului, din Rusia \u0219i din Ucraina. Acordul privind crearea zonei de securitate \u0219i introducerea for\u021belor mixte de men\u021binere a p\u0103cii a fost semnat \u00een anul 1992 de fo\u0219tii pre\u0219edin\u021bi ai Republicii Moldova \u0219i Federa\u021biei Ruse, Mircea Snegur \u0219i Boris El\u021bin.<\/p>\n<p>Cite\u0219te mai mult: <a href=\"https:\/\/www.publika.md\/fortele-de-mentinere-a-pacii-in-zona-de-securitate-26-de-ani-de-la-creare-lesnic-misiunea-trebuie-sa-fie-una-civila-cu-mandat-international_3014653.html#ixzz5MqifCuPg\">https:\/\/www.publika.md\/fortele-de-mentinere-a-pacii-in-zona-de-securitate-26-de-ani-de-la-creare-lesnic-misiunea-trebuie-sa-fie-una-civila-cu-mandat-international_3014653.html#ixzz5MqifCuPg<\/a><br \/>\nFollow us: <a href=\"https:\/\/ec.tynt.com\/b\/rw?id=dWcNF856Wr5OkPrkHcnlKl&amp;u=publikatv\" target=\"_blank\" rel=\"noopener\">@publikatv on Twitter<\/a> | <a href=\"https:\/\/ec.tynt.com\/b\/rf?id=dWcNF856Wr5OkPrkHcnlKl&amp;u=publika.md\" target=\"_blank\" rel=\"noopener\">publika.md on Facebook<\/a><\/p>\n","protected":false},"excerpt":{"rendered":"<p>Autorit\u0103\u021bile de la Chi\u0219in\u0103u vor continua s\u0103 pledeze pentru schimbarea formatului de men\u0163inere a p\u0103cii \u00een zona de securitate de la Nistru. Potrivit vicepremierului pentru Reintegrare, Cristina Lesnic, misiunea trebuie s\u0103 fie una civil\u0103, cu mandat interna\u021bional. Declara\u021biile au fost f\u0103cute la Varni\u021ba, dup\u0103 ceremonia de aniversare a 26 de ani de la introducerea for\u021belor&#8230;<\/p>\n","protected":false},"author":2,"featured_media":0,"comment_status":"closed","ping_status":"open","sticky":false,"template":"","format":"standard","meta":[],"categories":[1],"tags":[],"_links":{"self":[{"href":"https:\/\/centers.ulbsibiu.ro\/ccsprise\/lact\/wp-json\/wp\/v2\/posts\/5220"}],"collection":[{"href":"https:\/\/centers.ulbsibiu.ro\/ccsprise\/lact\/wp-json\/wp\/v2\/posts"}],"about":[{"href":"https:\/\/centers.ulbsibiu.ro\/ccsprise\/lact\/wp-json\/wp\/v2\/types\/post"}],"author":[{"embeddable":true,"href":"https:\/\/centers.ulbsibiu.ro\/ccsprise\/lact\/wp-json\/wp\/v2\/users\/2"}],"replies":[{"embeddable":true,"href":"https:\/\/centers.ulbsibiu.ro\/ccsprise\/lact\/wp-json\/wp\/v2\/comments?post=5220"}],"version-history":[{"count":1,"href":"https:\/\/centers.ulbsibiu.ro\/ccsprise\/lact\/wp-json\/wp\/v2\/posts\/5220\/revisions"}],"predecessor-version":[{"id":5221,"href":"https:\/\/centers.ulbsibiu.ro\/ccsprise\/lact\/wp-json\/wp\/v2\/posts\/5220\/revisions\/5221"}],"wp:attachment":[{"href":"https:\/\/centers.ulbsibiu.ro\/ccsprise\/lact\/wp-json\/wp\/v2\/media?parent=5220"}],"wp:term":[{"taxonomy":"category","embeddable":true,"href":"https:\/\/centers.ulbsibiu.ro\/ccsprise\/lact\/wp-json\/wp\/v2\/categories?post=5220"},{"taxonomy":"post_tag","embeddable":true,"href":"https:\/\/centers.ulbsibiu.ro\/ccsprise\/lact\/wp-json\/wp\/v2\/tags?post=5220"}],"curies":[{"name":"wp","href":"https:\/\/api.w.org\/{rel}","templated":true}]}}