{"id":5218,"date":"2018-07-30T20:46:54","date_gmt":"2018-07-30T18:46:54","guid":{"rendered":"https:\/\/centers.ulbsibiu.ro\/ccsprise\/lact\/?p=5218"},"modified":"2018-07-30T20:46:54","modified_gmt":"2018-07-30T18:46:54","slug":"infotag-md-in-moldova-a-fost-retinut-un-apropiat-al-fostului-presedinte-al-transnistriei-evghenii-sevciuk","status":"publish","type":"post","link":"https:\/\/centers.ulbsibiu.ro\/ccsprise\/lact\/infotag-md-in-moldova-a-fost-retinut-un-apropiat-al-fostului-presedinte-al-transnistriei-evghenii-sevciuk\/","title":{"rendered":"Infotag.md &#8211; \u00ceN MOLDOVA A FOST RE\u0162INUT UN APROPIAT AL FOSTULUI PRE\u015eEDINTE AL TRANSNISTRIEI, EVGHENII \u015eEVCIUK"},"content":{"rendered":"<p>\u00cen cadrul unei opera\u0163iuni speciale, s\u00e2mb\u0103t\u0103 \u00een Moldova a fost re\u0163inut un apropiat al fostului pre\u015fedinte al Transnistriei, Evghenii \u015eevciuk \u2013 fostul ministru de externe \u015fi fostul pre\u015fedinte al Comitetului vamal, Ghenadii Kuzmiciov.<\/p>\n<p>Potrivit agen\u0163iei INFOTAG cu referire la surse din cadrul organelor de drept, arestarea lui Kuzmiciov s-a f\u0103cut \u00een coordonare cu reprezentan\u0163ii structurilor de for\u0163\u0103 de la Tiraspol, care l-au anun\u0163at de mult \u00een c\u0103utare. Re\u0163inerea s-a f\u0103cut \u00een baza a \u015fase dosare penale, intentate anul trecut pe numele lui \u015eevciuk.<\/p>\n<p>Re\u0163inerea a avut loc pe traseul Chi\u0219in\u0103u &#8211; Leu\u0219eni. \u00cen cadrul opera\u0163iunii, un echipaj de poli\u021bie al Inspectoratului Na\u021bional de Patrulare a oprit ma\u0219ina \u00een care se afla Kuzmiciov pentru a verifica actele. \u00cen momentul \u00een care b\u0103rbatul a ie\u0219it, un automobil de model SUV \u00een care se aflau patru masca\u021bi s-a apropiat de ma\u0219ina fostului \u0219ef de interne, au luat toate actele din m\u00e2inile poli\u021bi\u0219tilor, l-au urcat pe Kuzmiciov \u00een ma\u015fina lor \u015fi au plecat \u00eentr-o direc\u0163ie necunoscut\u0103. \u00cen aceea\u015fi zi Kuzmiciov a fost transmis p\u0103r\u0163ii transnistrene \u015fi pus la \u00eenchisoarea din satul Hlinoe, raionul Grigoriopol. El era dat \u00een c\u0103utare \u00een Transnistria pentru acuza\u0163ia de contraband\u0103.<\/p>\n<p>Anterior, \u00een februarie 2017, dup\u0103 aceea\u015fi schem\u0103, pe teritoriul Moldovei, \u00een raionul Anenii Noi a fost re\u0163inut fostul \u015fef al administra\u0163iei ora\u015fului Bender, Iurii Ghervaziuk. El a fost acuzat de abuz \u00een serviciu, (v\u00e2nzare en gros de alcool produs la o fabric\u0103 din Bender). Ghervaziuk a fost condamnat la sf\u00e2r\u0219itul anului 2017 la zece ani de \u00eenchisoare.<\/p>\n<p>Sursa:\u00a0<a href=\"http:\/\/www.infotag.md\/rebelion-ro\/265605\/\">http:\/\/www.infotag.md\/<\/a><\/p>\n","protected":false},"excerpt":{"rendered":"<p>\u00cen cadrul unei opera\u0163iuni speciale, s\u00e2mb\u0103t\u0103 \u00een Moldova a fost re\u0163inut un apropiat al fostului pre\u015fedinte al Transnistriei, Evghenii \u015eevciuk \u2013 fostul ministru de externe \u015fi fostul pre\u015fedinte al Comitetului vamal, Ghenadii Kuzmiciov. Potrivit agen\u0163iei INFOTAG cu referire la surse din cadrul organelor de drept, arestarea lui Kuzmiciov s-a f\u0103cut \u00een coordonare cu reprezentan\u0163ii structurilor&#8230;<\/p>\n","protected":false},"author":2,"featured_media":0,"comment_status":"closed","ping_status":"open","sticky":false,"template":"","format":"standard","meta":[],"categories":[1],"tags":[],"_links":{"self":[{"href":"https:\/\/centers.ulbsibiu.ro\/ccsprise\/lact\/wp-json\/wp\/v2\/posts\/5218"}],"collection":[{"href":"https:\/\/centers.ulbsibiu.ro\/ccsprise\/lact\/wp-json\/wp\/v2\/posts"}],"about":[{"href":"https:\/\/centers.ulbsibiu.ro\/ccsprise\/lact\/wp-json\/wp\/v2\/types\/post"}],"author":[{"embeddable":true,"href":"https:\/\/centers.ulbsibiu.ro\/ccsprise\/lact\/wp-json\/wp\/v2\/users\/2"}],"replies":[{"embeddable":true,"href":"https:\/\/centers.ulbsibiu.ro\/ccsprise\/lact\/wp-json\/wp\/v2\/comments?post=5218"}],"version-history":[{"count":1,"href":"https:\/\/centers.ulbsibiu.ro\/ccsprise\/lact\/wp-json\/wp\/v2\/posts\/5218\/revisions"}],"predecessor-version":[{"id":5219,"href":"https:\/\/centers.ulbsibiu.ro\/ccsprise\/lact\/wp-json\/wp\/v2\/posts\/5218\/revisions\/5219"}],"wp:attachment":[{"href":"https:\/\/centers.ulbsibiu.ro\/ccsprise\/lact\/wp-json\/wp\/v2\/media?parent=5218"}],"wp:term":[{"taxonomy":"category","embeddable":true,"href":"https:\/\/centers.ulbsibiu.ro\/ccsprise\/lact\/wp-json\/wp\/v2\/categories?post=5218"},{"taxonomy":"post_tag","embeddable":true,"href":"https:\/\/centers.ulbsibiu.ro\/ccsprise\/lact\/wp-json\/wp\/v2\/tags?post=5218"}],"curies":[{"name":"wp","href":"https:\/\/api.w.org\/{rel}","templated":true}]}}