{"id":5216,"date":"2018-07-30T20:45:36","date_gmt":"2018-07-30T18:45:36","guid":{"rendered":"https:\/\/centers.ulbsibiu.ro\/ccsprise\/lact\/?p=5216"},"modified":"2018-07-30T20:45:36","modified_gmt":"2018-07-30T18:45:36","slug":"deschide-md-krasnoselski-planul-kozak-nu-corespunde-realitatilor-solutia-este-recunoasterea-transnistriei","status":"publish","type":"post","link":"https:\/\/centers.ulbsibiu.ro\/ccsprise\/lact\/deschide-md-krasnoselski-planul-kozak-nu-corespunde-realitatilor-solutia-este-recunoasterea-transnistriei\/","title":{"rendered":"Deschide.md &#8211; Krasnoselski: Planul Kozak nu corespunde realit\u0103\u021bilor. Solu\u021bia este \u201erecunoa\u0219terea\u201d Transnistriei"},"content":{"rendered":"<p>Author: Vasile Cojocari<\/p>\n<p>Liderul administra\u021biei separatiste de la Tiraspol, Vadim Krasnoselski, sus\u021bine c\u0103 \u201ePlanul Kozak\u201d nu poate fi implementat \u00een zilele noastre, deoarece nu corespunde realit\u0103\u021bilor de ast\u0103zi.<\/p>\n<p>\u00centr-un interviu acordat publica\u021biei ruse IZVESTIA, capul separati\u0219tilor transnistreni sus\u021bine c\u0103 Chi\u0219in\u0103ul nu trebuie s\u0103-\u0219i piard\u0103 timpul c\u0103ut\u00e2nd metode de reglementare a conflictului transnistrean, fiindc\u0103 aceasta e posibil\u0103 doar prin recunoa\u0219terea Transnistriei.<\/p>\n<p>\u201eAvem de solu\u021bionat o mul\u021bime de probleme de ordin economic, cultural \u0219i educa\u0163onal. De ce ar trebui s\u0103 ne d\u0103m \u00een v\u00e2nt pentru planuri mari? Chiar s\u0103 lu\u0103m Planul Kozak \u0219i s\u0103 ni-l imagin\u0103m \u00een contextul realit\u0103\u021bilor de ast\u0103zi: el nu coincide nici cu constitu\u021bia, nici cu legile, nici cu actele normative ale aceleia\u0219i Moldove\u201d, a subliniat liderul separatist.<\/p>\n<p>Krasnoselski crede c\u0103 Transnistria \u00eentrune\u0219te toate atributele unui stat independent.<\/p>\n<p>\u201eTimp de 28 de ani de existen\u021b\u0103 a Transnistriei \u0219i Moldovei au fost create propriile norme de drept, constitu\u021bii diferite, legi \u0219i alte documente. Modele sunt total diferite. S\u0103 ne reamintim c\u0103 Planul Kozak a fost precedat de lucrul unor comisii comune, care munceau pentru elaborarea unei constitu\u021bii unice a Moldovei \u0219i Transnistriei. Iar fostul pre\u0219edinte al Moldovei, Vladimir Voronin, e con\u0219tient l-a \u00eengropat. Acum avem nevoie de implementarea legisla\u021biei \u0219i mai apoi de un plan de reglementare\u201d, a ad\u0103ugat Krasnoselski.<\/p>\n<p>Separatistul a mai spus c\u0103 Tiraspolul nu este obligat s\u0103 examineze scenarii de reintegrare cu Moldova, deoarece \u201escopul final este independen\u021ba\u201d.<\/p>\n<p>Textul complet:\u00a0<a href=\"https:\/\/deschide.md\/ro\/stiri\/politic\/34722\/Krasnoselski-Planul-Kozak-nu-corespunde-realit\u0103\u021bilor-Solu\u021bia-este-\u201erecunoa\u0219terea\u201d-Transnistriei.htm\">https:\/\/deschide.md\/<\/a><\/p>\n","protected":false},"excerpt":{"rendered":"<p>Author: Vasile Cojocari Liderul administra\u021biei separatiste de la Tiraspol, Vadim Krasnoselski, sus\u021bine c\u0103 \u201ePlanul Kozak\u201d nu poate fi implementat \u00een zilele noastre, deoarece nu corespunde realit\u0103\u021bilor de ast\u0103zi. \u00centr-un interviu acordat publica\u021biei ruse IZVESTIA, capul separati\u0219tilor transnistreni sus\u021bine c\u0103 Chi\u0219in\u0103ul nu trebuie s\u0103-\u0219i piard\u0103 timpul c\u0103ut\u00e2nd metode de reglementare a conflictului transnistrean, fiindc\u0103 aceasta e&#8230;<\/p>\n","protected":false},"author":2,"featured_media":0,"comment_status":"closed","ping_status":"open","sticky":false,"template":"","format":"standard","meta":[],"categories":[1],"tags":[],"_links":{"self":[{"href":"https:\/\/centers.ulbsibiu.ro\/ccsprise\/lact\/wp-json\/wp\/v2\/posts\/5216"}],"collection":[{"href":"https:\/\/centers.ulbsibiu.ro\/ccsprise\/lact\/wp-json\/wp\/v2\/posts"}],"about":[{"href":"https:\/\/centers.ulbsibiu.ro\/ccsprise\/lact\/wp-json\/wp\/v2\/types\/post"}],"author":[{"embeddable":true,"href":"https:\/\/centers.ulbsibiu.ro\/ccsprise\/lact\/wp-json\/wp\/v2\/users\/2"}],"replies":[{"embeddable":true,"href":"https:\/\/centers.ulbsibiu.ro\/ccsprise\/lact\/wp-json\/wp\/v2\/comments?post=5216"}],"version-history":[{"count":1,"href":"https:\/\/centers.ulbsibiu.ro\/ccsprise\/lact\/wp-json\/wp\/v2\/posts\/5216\/revisions"}],"predecessor-version":[{"id":5217,"href":"https:\/\/centers.ulbsibiu.ro\/ccsprise\/lact\/wp-json\/wp\/v2\/posts\/5216\/revisions\/5217"}],"wp:attachment":[{"href":"https:\/\/centers.ulbsibiu.ro\/ccsprise\/lact\/wp-json\/wp\/v2\/media?parent=5216"}],"wp:term":[{"taxonomy":"category","embeddable":true,"href":"https:\/\/centers.ulbsibiu.ro\/ccsprise\/lact\/wp-json\/wp\/v2\/categories?post=5216"},{"taxonomy":"post_tag","embeddable":true,"href":"https:\/\/centers.ulbsibiu.ro\/ccsprise\/lact\/wp-json\/wp\/v2\/tags?post=5216"}],"curies":[{"name":"wp","href":"https:\/\/api.w.org\/{rel}","templated":true}]}}