{"id":5214,"date":"2018-07-28T09:33:43","date_gmt":"2018-07-28T07:33:43","guid":{"rendered":"https:\/\/centers.ulbsibiu.ro\/ccsprise\/lact\/?p=5214"},"modified":"2018-07-28T09:33:43","modified_gmt":"2018-07-28T07:33:43","slug":"infotag-md-intrevederea-presedintelui-moldovei-si-a-liderului-transnistriei-va-avea-loc-la-mijlocul-lunii-septembrie-la-condrita","status":"publish","type":"post","link":"https:\/\/centers.ulbsibiu.ro\/ccsprise\/lact\/infotag-md-intrevederea-presedintelui-moldovei-si-a-liderului-transnistriei-va-avea-loc-la-mijlocul-lunii-septembrie-la-condrita\/","title":{"rendered":"Infotag.md &#8211; \u00ceNTREVEDEREA PRE\u015eEDINTELUI MOLDOVEI \u015eI A LIDERULUI TRANSNISTRIEI VA AVEA LOC LA MIJLOCUL LUNII SEPTEMBRIE LA CONDRI\u0162A"},"content":{"rendered":"<p>\u00centrevederea pre\u015fedintelui Moldovei, Igor Dodon, \u015fi a liderului Transnistriei, Vadim Krasnoselski, va avea loc la mijlocul lunii septembrie \u00een dreapta Nistrului. Potrivit agen\u0163iei INFOTAG, despre aceasta a comunicat Dodon joi seara, la un post de televiziune.<\/p>\n<p>\u201ePlanific\u0103m o \u00eent\u00e2lnire cu Vadim Krasnoselski. Cel mai probabil, aceasta va avea loc pe 15 septembrie, \u00een dreapta Nistrului, posibil la re\u0219edin\u021ba de la Condri\u0163a. Avem ce discuta\u201d, a spus Dodon.<\/p>\n<p>Potrivit lui, p\u0103r\u0163ile trebuie s\u0103 se preg\u0103teasc\u0103 pentru a se ocupa \u00eendeaproape de solu\u021bionarea conflictului transnistrean.<\/p>\n<p>\u201eAm vorbit despre acest lucru la \u00eentrevederea recent\u0103 de la Moscova cu pre\u0219edintele rus Vladimir Putin. Dup\u0103 alegerile parlamentare din Moldova, ar putea ap\u0103rea oportunit\u0103\u021bi bune pentru solu\u021bionarea problemei transnistrene\u201d, a spus Pre\u0219edintele.<\/p>\n<p>El a salutat numirea lui Dmitri Kozak \u00een calitate de reprezentant special al pre\u0219edintelui rus pentru dezvoltarea rela\u021biilor comercial-economice cu Republica Moldova.<\/p>\n<p>\u201eTrebuie remarcat faptul c\u0103 acum nu va fi un reprezentant special al Federa\u021biei Ruse pentru Transnistria. Acesta este un pas important spre restabilirea unit\u0103\u021bii Republicii Moldova. Afar\u0103 de reprezentantul special pentru cooperare comercial-economic\u0103, va fi \u0219i un copre\u0219edinte al comisiei interguvernamentale pentru cooperare comercial-economic\u0103. \u0218i acest lucru este binevenit, aceasta arat\u0103 c\u0103 Rusia acord\u0103 aten\u021bie dezvolt\u0103rii rela\u021biilor cu Moldova\u201d, a subliniat Dodon.<\/p>\n<p>El \u0219i-a exprimat regretul c\u0103 \u201eguvernul Moldovei nu \u00een\u021belege acest lucru\u201d.<\/p>\n<p>\u201eSunt sigur c\u0103 dup\u0103 alegeri situa\u021bia se va schimba. Pentru noi, rela\u021biile cu Rusia r\u0103m\u00e2n prioritare. Acesta este partenerul nostru strategic, acolo sunt pie\u021bele noastre principale, de acolo cump\u0103r\u0103m resurse energetice\u201d, a amintit Dodon.<\/p>\n<p>El a spus c\u0103 toate aceste probleme actuale au fost discutate cu pre\u0219edintele Rusiei, Vladimir Putin, \u00een timpul unei \u00eentrevederi la mijlocul lunii iulie.<\/p>\n<p>\u201eVom continua discu\u021biile \u00een timpul unei vizite oficiale la Moscova \u00een octombrie 2018\u201d, a declarat Pre\u0219edintele Republicii Moldova.<\/p>\n<p>Dup\u0103 cum a informat anterior INFOTAG, Igor Dodon \u0219i Vadim Krasnoselski au fost ale\u0219i pre\u0219edin\u021bi la sf\u00e2r\u0219itul anului 2016. P\u00e2n\u0103 acum ei s-au \u00eent\u00e2lnit de trei ori. Prima \u00eentrevedere a avut loc imediat dup\u0103 alegeri, la \u00eenceputul lunii ianuarie 2017, la Bender. Urm\u0103toarea a avut loc pe 30 martie 2017 la re\u0219edin\u021ba Pre\u0219edintelui de la Holercani, pe malul Nistrului. Atunci, liderii de pe cele dou\u0103 maluri ale Nistrului au convenit s\u0103 se \u00eent\u00e2lneasc\u0103 \u00een mai, dar \u00eentrevederea nu a avut loc. O alt\u0103 \u00eentrevedere a fost programat\u0103 pentru 29 iulie, cu participarea reprezentantului special al Rusiei pentru Transnistria, Dmitri Rogozin. \u00cens\u0103 Guvernul Moldovei l-a declarat atunci pe Rogozin persona non grata \u015fi \u00eentrevederea nu a mai avut loc. O nou\u0103 \u00eent\u00e2lnire a avut loc abia \u00een aprilie 2018, la Bender.<\/p>\n<p>Sursa:\u00a0<a href=\"http:\/\/www.infotag.md\/rebelion-ro\/265570\/\">http:\/\/www.infotag.md\/<\/a><\/p>\n","protected":false},"excerpt":{"rendered":"<p>\u00centrevederea pre\u015fedintelui Moldovei, Igor Dodon, \u015fi a liderului Transnistriei, Vadim Krasnoselski, va avea loc la mijlocul lunii septembrie \u00een dreapta Nistrului. Potrivit agen\u0163iei INFOTAG, despre aceasta a comunicat Dodon joi seara, la un post de televiziune. \u201ePlanific\u0103m o \u00eent\u00e2lnire cu Vadim Krasnoselski. Cel mai probabil, aceasta va avea loc pe 15 septembrie, \u00een dreapta Nistrului,&#8230;<\/p>\n","protected":false},"author":2,"featured_media":0,"comment_status":"closed","ping_status":"open","sticky":false,"template":"","format":"standard","meta":[],"categories":[1],"tags":[],"_links":{"self":[{"href":"https:\/\/centers.ulbsibiu.ro\/ccsprise\/lact\/wp-json\/wp\/v2\/posts\/5214"}],"collection":[{"href":"https:\/\/centers.ulbsibiu.ro\/ccsprise\/lact\/wp-json\/wp\/v2\/posts"}],"about":[{"href":"https:\/\/centers.ulbsibiu.ro\/ccsprise\/lact\/wp-json\/wp\/v2\/types\/post"}],"author":[{"embeddable":true,"href":"https:\/\/centers.ulbsibiu.ro\/ccsprise\/lact\/wp-json\/wp\/v2\/users\/2"}],"replies":[{"embeddable":true,"href":"https:\/\/centers.ulbsibiu.ro\/ccsprise\/lact\/wp-json\/wp\/v2\/comments?post=5214"}],"version-history":[{"count":1,"href":"https:\/\/centers.ulbsibiu.ro\/ccsprise\/lact\/wp-json\/wp\/v2\/posts\/5214\/revisions"}],"predecessor-version":[{"id":5215,"href":"https:\/\/centers.ulbsibiu.ro\/ccsprise\/lact\/wp-json\/wp\/v2\/posts\/5214\/revisions\/5215"}],"wp:attachment":[{"href":"https:\/\/centers.ulbsibiu.ro\/ccsprise\/lact\/wp-json\/wp\/v2\/media?parent=5214"}],"wp:term":[{"taxonomy":"category","embeddable":true,"href":"https:\/\/centers.ulbsibiu.ro\/ccsprise\/lact\/wp-json\/wp\/v2\/categories?post=5214"},{"taxonomy":"post_tag","embeddable":true,"href":"https:\/\/centers.ulbsibiu.ro\/ccsprise\/lact\/wp-json\/wp\/v2\/tags?post=5214"}],"curies":[{"name":"wp","href":"https:\/\/api.w.org\/{rel}","templated":true}]}}