{"id":5212,"date":"2018-07-28T08:59:04","date_gmt":"2018-07-28T06:59:04","guid":{"rendered":"https:\/\/centers.ulbsibiu.ro\/ccsprise\/lact\/?p=5212"},"modified":"2018-07-28T08:59:04","modified_gmt":"2018-07-28T06:59:04","slug":"gov-md-delegatia-transnistreana-in-cuc-este-necooperanta-in-depasirea-problemelor-in-zona-de-securitate","status":"publish","type":"post","link":"https:\/\/centers.ulbsibiu.ro\/ccsprise\/lact\/gov-md-delegatia-transnistreana-in-cuc-este-necooperanta-in-depasirea-problemelor-in-zona-de-securitate\/","title":{"rendered":"Gov.md &#8211; Delega\u021bia transnistrean\u0103 \u00een CUC este necooperant\u0103 \u00een dep\u0103\u0219irea problemelor \u00een Zona de Securitate"},"content":{"rendered":"<p>La 26 iulie 2018, \u00een ora\u0219ul Bender, sub pre\u0219edin\u021bia delega\u021biei Federa\u021biei Ruse, s-a desf\u0103\u0219urat \u0219edin\u021ba Comisiei Unificate de Control (CUC), \u00een cadrul c\u0103reia au fost discutate problemele ce vizeaz\u0103 situa\u021bia din Zona de Securitate \u0219i solu\u021biile privind asigurarea liberei circula\u021bii \u0219i securit\u0103\u021bii pe podul peste r. Nistru \u00een preajma localit\u0103\u021bilor Gura B\u00e2cului \u0219i B\u00e2cioc.<\/p>\n<p>\u0218eful Statului Major al For\u021belor Mixte de Pacificare, colonelul Vitalii Morozov, a apreciat drept stabil\u0103 situa\u021bia din Zona de Securitate, ca urmare a monitoriz\u0103rii acesteia pe parcursul ultimelor dou\u0103 s\u0103pt\u0103m\u00e2ni (11 iulie -24 iulie 2018) de c\u0103tre Comandamentul Militar \u00centrunit.<\/p>\n<p>Problema privind asigurarea securit\u0103\u021bii \u0219i liberei circula\u021bii \u00een preajma podului peste r\u00e2ul Nistru \u00eentre satele Gura B\u00e2cului \u0219i B\u00e2cioc a fost examinat\u0103 \u00een cadrul celei de-a doua \u0219edin\u021be, neordinare, a Comisiei conduse la fel de copre\u0219edintele CUC din partea Federa\u021biei Ruse, Ilia Uvarov. Discu\u021biile s-au axat pe propunerile de compromis ale delega\u021biei Federa\u021biei Ruse, prezentate la \u0219edin\u021ba CUC din 28 iunie curent, care prev\u0103d implementarea mecanismului de monitorizare \u0219i asigurare a liberei circula\u021bii pe podul nominalizat doar de c\u0103tre militarii For\u021belor Mixte de Pacificare \u00een comun cu angaja\u021bii Poli\u021biei \u0219i a\u0219a-numita \u201emili\u021bie transnistrean\u0103\u201d conform prevederilor Acordului din 21 iulie 1992 \u0219i deciziilor ulterioare ale CUC.<\/p>\n<p>Reprezentan\u021bii Tiraspolului \u0219i de aceast\u0103 dat\u0103 au respins categoric propunerile \u00een cauz\u0103 f\u0103r\u0103 argumente temeinice.<\/p>\n<p>Este de remarcat c\u0103 pozi\u021bia neconstructiv\u0103 \u0219i nedorin\u021ba delega\u021biei transnistrene de a identifica o solu\u021bie de compromis duce la blocarea \u00een continuare a activit\u0103\u021bii Comisiei Unificate de Control \u0219i submineaz\u0103 substan\u021bial eficien\u021ba Misiunii de pacificare \u00een regiunea transnistrean\u0103 a Republicii Moldova.<\/p>\n<p>Delega\u021bia Republicii Moldova \u00een CUC a chemat toate p\u0103r\u021bile, \u00een special componenta transnistrean\u0103 \u0219i cea a Federa\u021biei Ruse, s\u0103 se ab\u021bin\u0103 de la orice ac\u021biuni unilaterale \u00een perioada vacan\u021bei (august), inclusiv de la exerci\u021bii militare, care ar putea s\u0103 destabilizeze situa\u021bia \u00een Zona de Securitate, a\u0219a cum s-a \u00eent\u00e2mplat \u00een anii preceden\u021bi. Reprezentan\u021bii Tiraspolului \u0219i ai Federa\u021biei Ruse au l\u0103sat aceast\u0103 adresare f\u0103r\u0103 comentarii.<\/p>\n<p>Urm\u0103toarea \u0219edin\u021b\u0103 a CUC va avea loc la 6 septembrie 2018.<\/p>\n<p><strong>\u00a0<\/strong><\/p>\n<p><strong>Delega\u021bia Republicii Moldova \u00een Comisia Unificat\u0103 de Control<\/strong><\/p>\n<p>&nbsp;<\/p>\n<p>Sursa:\u00a0<a href=\"https:\/\/gov.md\/ro\/content\/delegatia-transnistreana-cuc-este-necooperanta-depasirea-problemelor-zona-de-securitate\">https:\/\/gov.md\/<\/a><\/p>\n","protected":false},"excerpt":{"rendered":"<p>La 26 iulie 2018, \u00een ora\u0219ul Bender, sub pre\u0219edin\u021bia delega\u021biei Federa\u021biei Ruse, s-a desf\u0103\u0219urat \u0219edin\u021ba Comisiei Unificate de Control (CUC), \u00een cadrul c\u0103reia au fost discutate problemele ce vizeaz\u0103 situa\u021bia din Zona de Securitate \u0219i solu\u021biile privind asigurarea liberei circula\u021bii \u0219i securit\u0103\u021bii pe podul peste r. Nistru \u00een preajma localit\u0103\u021bilor Gura B\u00e2cului \u0219i B\u00e2cioc. \u0218eful&#8230;<\/p>\n","protected":false},"author":2,"featured_media":0,"comment_status":"closed","ping_status":"open","sticky":false,"template":"","format":"standard","meta":[],"categories":[1],"tags":[],"_links":{"self":[{"href":"https:\/\/centers.ulbsibiu.ro\/ccsprise\/lact\/wp-json\/wp\/v2\/posts\/5212"}],"collection":[{"href":"https:\/\/centers.ulbsibiu.ro\/ccsprise\/lact\/wp-json\/wp\/v2\/posts"}],"about":[{"href":"https:\/\/centers.ulbsibiu.ro\/ccsprise\/lact\/wp-json\/wp\/v2\/types\/post"}],"author":[{"embeddable":true,"href":"https:\/\/centers.ulbsibiu.ro\/ccsprise\/lact\/wp-json\/wp\/v2\/users\/2"}],"replies":[{"embeddable":true,"href":"https:\/\/centers.ulbsibiu.ro\/ccsprise\/lact\/wp-json\/wp\/v2\/comments?post=5212"}],"version-history":[{"count":1,"href":"https:\/\/centers.ulbsibiu.ro\/ccsprise\/lact\/wp-json\/wp\/v2\/posts\/5212\/revisions"}],"predecessor-version":[{"id":5213,"href":"https:\/\/centers.ulbsibiu.ro\/ccsprise\/lact\/wp-json\/wp\/v2\/posts\/5212\/revisions\/5213"}],"wp:attachment":[{"href":"https:\/\/centers.ulbsibiu.ro\/ccsprise\/lact\/wp-json\/wp\/v2\/media?parent=5212"}],"wp:term":[{"taxonomy":"category","embeddable":true,"href":"https:\/\/centers.ulbsibiu.ro\/ccsprise\/lact\/wp-json\/wp\/v2\/categories?post=5212"},{"taxonomy":"post_tag","embeddable":true,"href":"https:\/\/centers.ulbsibiu.ro\/ccsprise\/lact\/wp-json\/wp\/v2\/tags?post=5212"}],"curies":[{"name":"wp","href":"https:\/\/api.w.org\/{rel}","templated":true}]}}