{"id":5205,"date":"2018-07-25T17:28:19","date_gmt":"2018-07-25T15:28:19","guid":{"rendered":"https:\/\/centers.ulbsibiu.ro\/ccsprise\/lact\/?p=5205"},"modified":"2018-07-25T17:28:19","modified_gmt":"2018-07-25T15:28:19","slug":"infotag-md-liderii-comunistilor-din-rusia-si-ucraina-s-au-pronuntat-in-apararea-colegului-lor-transnistrean","status":"publish","type":"post","link":"https:\/\/centers.ulbsibiu.ro\/ccsprise\/lact\/infotag-md-liderii-comunistilor-din-rusia-si-ucraina-s-au-pronuntat-in-apararea-colegului-lor-transnistrean\/","title":{"rendered":"Infotag.md &#8211; LIDERII COMUNI\u0218TILOR DIN RUSIA \u0218I UCRAINA S-AU PRONUN\u021aAT \u00ceN AP\u0102RAREA COLEGULUI LOR TRANSNISTREAN"},"content":{"rendered":"<p>Liderii partidelor comuniste din Rusia \u0219i Ucraina au f\u0103cut un apel c\u0103tre autorit\u0103\u021bile Transnistriei cu solicitarea de a \u00eenceta r\u0103fuiala judiciar\u0103 asupra pre\u0219edintelui Comitetului Central al Partidului Comunist Transnistrean (PCT), deputatului Sovietului Suprem, Oleg Horjan.<\/p>\n<p>Potrivit agen\u021biei INFOTAG, \u00eentr-un mesaj video ei \u0219i-au exprimat convingerea c\u0103 urm\u0103rirea penal\u0103 a lui Horjan \u201enu este dec\u00e2t o \u00eencercare de a \u00eenchide gura opozi\u021biei din Transnistria cu scopul de a jefui popula\u021bia republicii\u201d.<\/p>\n<p>Potrivit pre\u015fedintelui comuni\u015ftilor ru\u015fi, Ghenadii Ziuganov, \u201eHorjan a fost b\u0103gat la \u00eenchisoare doar pentru c\u0103 era \u00eempotriva mafiei, pleda pentru un trai decent al oamenilor \u0219i a f\u0103cut tot posibilul pentru a uni eforturile cet\u0103\u021benilor \u00een numele unirii cu Rusia\u201d.<\/p>\n<p>\u201eDosarul a fost fabricat pentru a-l pune la \u00eenchisoare sau pentru a-l elimina din Transnistria. \u00cei avertizez pe conduc\u0103torii Transnistriei: v\u0103 juca\u021bi cu focul. Sunte\u0163i acum \u00een rolul de uzurpatori, merge\u021bi pe calea fasci\u0219tilor. Nimic bun nu va ie\u015fi\u201d, a declarat liderul PCFR.<\/p>\n<p>Pre\u015fedintele Partidului Comunist din ucraina, Petro Simonenko, este convins c\u0103 \u201eactul criminal al organelor de justi\u021bie din regiunea transnistrean\u0103 este o comand\u0103 a regimului oligarhic criminal, dar dreptatea va triumfa \u0219i va urma pedeapsa poporului\u201d.<\/p>\n<p>Textul complet:\u00a0<a href=\"http:\/\/www.infotag.md\/rebelion-ro\/265453\/\">http:\/\/www.infotag.md\/<\/a><\/p>\n","protected":false},"excerpt":{"rendered":"<p>Liderii partidelor comuniste din Rusia \u0219i Ucraina au f\u0103cut un apel c\u0103tre autorit\u0103\u021bile Transnistriei cu solicitarea de a \u00eenceta r\u0103fuiala judiciar\u0103 asupra pre\u0219edintelui Comitetului Central al Partidului Comunist Transnistrean (PCT), deputatului Sovietului Suprem, Oleg Horjan. Potrivit agen\u021biei INFOTAG, \u00eentr-un mesaj video ei \u0219i-au exprimat convingerea c\u0103 urm\u0103rirea penal\u0103 a lui Horjan \u201enu este dec\u00e2t o&#8230;<\/p>\n","protected":false},"author":2,"featured_media":0,"comment_status":"closed","ping_status":"open","sticky":false,"template":"","format":"standard","meta":[],"categories":[1],"tags":[],"_links":{"self":[{"href":"https:\/\/centers.ulbsibiu.ro\/ccsprise\/lact\/wp-json\/wp\/v2\/posts\/5205"}],"collection":[{"href":"https:\/\/centers.ulbsibiu.ro\/ccsprise\/lact\/wp-json\/wp\/v2\/posts"}],"about":[{"href":"https:\/\/centers.ulbsibiu.ro\/ccsprise\/lact\/wp-json\/wp\/v2\/types\/post"}],"author":[{"embeddable":true,"href":"https:\/\/centers.ulbsibiu.ro\/ccsprise\/lact\/wp-json\/wp\/v2\/users\/2"}],"replies":[{"embeddable":true,"href":"https:\/\/centers.ulbsibiu.ro\/ccsprise\/lact\/wp-json\/wp\/v2\/comments?post=5205"}],"version-history":[{"count":1,"href":"https:\/\/centers.ulbsibiu.ro\/ccsprise\/lact\/wp-json\/wp\/v2\/posts\/5205\/revisions"}],"predecessor-version":[{"id":5206,"href":"https:\/\/centers.ulbsibiu.ro\/ccsprise\/lact\/wp-json\/wp\/v2\/posts\/5205\/revisions\/5206"}],"wp:attachment":[{"href":"https:\/\/centers.ulbsibiu.ro\/ccsprise\/lact\/wp-json\/wp\/v2\/media?parent=5205"}],"wp:term":[{"taxonomy":"category","embeddable":true,"href":"https:\/\/centers.ulbsibiu.ro\/ccsprise\/lact\/wp-json\/wp\/v2\/categories?post=5205"},{"taxonomy":"post_tag","embeddable":true,"href":"https:\/\/centers.ulbsibiu.ro\/ccsprise\/lact\/wp-json\/wp\/v2\/tags?post=5205"}],"curies":[{"name":"wp","href":"https:\/\/api.w.org\/{rel}","templated":true}]}}