{"id":5191,"date":"2018-07-24T18:39:40","date_gmt":"2018-07-24T16:39:40","guid":{"rendered":"https:\/\/centers.ulbsibiu.ro\/ccsprise\/lact\/?p=5191"},"modified":"2018-07-24T18:39:40","modified_gmt":"2018-07-24T16:39:40","slug":"gov-md-intrevederea-viceprim-ministrului-cristina-lesnic-cu-seful-misiunii-osce-in-moldova-michael-scanlan","status":"publish","type":"post","link":"https:\/\/centers.ulbsibiu.ro\/ccsprise\/lact\/gov-md-intrevederea-viceprim-ministrului-cristina-lesnic-cu-seful-misiunii-osce-in-moldova-michael-scanlan\/","title":{"rendered":"Gov.md &#8211; \u00centrevederea Viceprim-ministrului Cristina Lesnic cu \u0218eful Misiunii OSCE \u00een Moldova Michael Scanlan"},"content":{"rendered":"<p>Ast\u0103zi, 24 iulie curent, Viceprim-ministrul Cristina Lesnic a avut o \u00eentrevedere cu \u0218eful Misiunii OSCE \u00een Moldova Michael Scanlan.<\/p>\n<p>Oficialii au purtat discu\u021bii pe marginea subiectelor abordate \u00een cadrul dialogului dintre Chi\u0219in\u0103u \u0219i Tiraspol, evolu\u021biilor recent \u00eenregistrate \u00een procesul de negocieri, fiind eviden\u021biate rezultatele ob\u021binute \u00een implementarea unor teme ce figureaz\u0103 \u00een pachetul \u201eBerlin plus\u201d, \u00een particular, pe subiectul \u0219colilor cu predare \u00een grafie latin\u0103 din regiunea transnistrean\u0103, terenurilor agricole din raionul Dub\u0103sari, mecanismului de acces \u00een traficul rutier interna\u021bional a autovehiculelor din regiunea transnistrean\u0103, asigur\u0103rii liberei circula\u021bii \u00eentre cele dou\u0103 maluri ale Nistrului, precum \u0219i pe marginea organiz\u0103rii interac\u021biunii \u00een domeniul telecomunica\u021biilor.<\/p>\n<p>Totodat\u0103, au fost abordate aspecte referitoare la situa\u021bia din Zona de Securitate, efectuarea studiului de fezabilitate \u0219i organizarea lucr\u0103rilor de repara\u021bie\/modernizare a infrastructurii podului dintre localit\u0103\u021bile Gura B\u00e2cului \u0219i B\u00e2cioc.<\/p>\n<p>Au fost eviden\u021biate rezultatele \u0219edin\u021bei Comisiei guvernamentale pentru reintegrarea \u021b\u0103rii din data de 11 iulie 2018, precum \u0219i recenta organizare a sesiunii de instruire pentru reprezentan\u021bii misiunilor diplomatice acreditate la Chi\u0219in\u0103u, \u00een care a fost expus mecanismul de admitere \u00een traficul rutier interna\u021bional a autovehiculelor din regiunea transnistrean\u0103.<\/p>\n<p>Sursa:\u00a0<a href=\"https:\/\/gov.md\/ro\/content\/intrevederea-viceprim-ministrului-cristina-lesnic-cu-seful-misiunii-osce-moldova-michael\">https:\/\/gov.md\/<\/a><\/p>\n","protected":false},"excerpt":{"rendered":"<p>Ast\u0103zi, 24 iulie curent, Viceprim-ministrul Cristina Lesnic a avut o \u00eentrevedere cu \u0218eful Misiunii OSCE \u00een Moldova Michael Scanlan. Oficialii au purtat discu\u021bii pe marginea subiectelor abordate \u00een cadrul dialogului dintre Chi\u0219in\u0103u \u0219i Tiraspol, evolu\u021biilor recent \u00eenregistrate \u00een procesul de negocieri, fiind eviden\u021biate rezultatele ob\u021binute \u00een implementarea unor teme ce figureaz\u0103 \u00een pachetul \u201eBerlin plus\u201d,&#8230;<\/p>\n","protected":false},"author":2,"featured_media":0,"comment_status":"closed","ping_status":"open","sticky":false,"template":"","format":"standard","meta":[],"categories":[1],"tags":[],"_links":{"self":[{"href":"https:\/\/centers.ulbsibiu.ro\/ccsprise\/lact\/wp-json\/wp\/v2\/posts\/5191"}],"collection":[{"href":"https:\/\/centers.ulbsibiu.ro\/ccsprise\/lact\/wp-json\/wp\/v2\/posts"}],"about":[{"href":"https:\/\/centers.ulbsibiu.ro\/ccsprise\/lact\/wp-json\/wp\/v2\/types\/post"}],"author":[{"embeddable":true,"href":"https:\/\/centers.ulbsibiu.ro\/ccsprise\/lact\/wp-json\/wp\/v2\/users\/2"}],"replies":[{"embeddable":true,"href":"https:\/\/centers.ulbsibiu.ro\/ccsprise\/lact\/wp-json\/wp\/v2\/comments?post=5191"}],"version-history":[{"count":1,"href":"https:\/\/centers.ulbsibiu.ro\/ccsprise\/lact\/wp-json\/wp\/v2\/posts\/5191\/revisions"}],"predecessor-version":[{"id":5192,"href":"https:\/\/centers.ulbsibiu.ro\/ccsprise\/lact\/wp-json\/wp\/v2\/posts\/5191\/revisions\/5192"}],"wp:attachment":[{"href":"https:\/\/centers.ulbsibiu.ro\/ccsprise\/lact\/wp-json\/wp\/v2\/media?parent=5191"}],"wp:term":[{"taxonomy":"category","embeddable":true,"href":"https:\/\/centers.ulbsibiu.ro\/ccsprise\/lact\/wp-json\/wp\/v2\/categories?post=5191"},{"taxonomy":"post_tag","embeddable":true,"href":"https:\/\/centers.ulbsibiu.ro\/ccsprise\/lact\/wp-json\/wp\/v2\/tags?post=5191"}],"curies":[{"name":"wp","href":"https:\/\/api.w.org\/{rel}","templated":true}]}}