{"id":5187,"date":"2018-07-24T18:27:10","date_gmt":"2018-07-24T16:27:10","guid":{"rendered":"https:\/\/centers.ulbsibiu.ro\/ccsprise\/lact\/?p=5187"},"modified":"2020-06-12T18:43:23","modified_gmt":"2020-06-12T16:43:23","slug":"gov-md-comentariu-in-legatura-cu-pronuntarea-hotararii-curtii-europene-a-drepturilor-omului-in-cauza-sandu-si-altii-v-republica-moldova-si-federatia-rusa","status":"publish","type":"post","link":"https:\/\/centers.ulbsibiu.ro\/ccsprise\/lact\/gov-md-comentariu-in-legatura-cu-pronuntarea-hotararii-curtii-europene-a-drepturilor-omului-in-cauza-sandu-si-altii-v-republica-moldova-si-federatia-rusa\/","title":{"rendered":"Gov.md &#8211; COMENTARIU \u00een leg\u0103tur\u0103 cu pronun\u021barea hot\u0103r\u00e2rii Cur\u021bii Europene a Drepturilor Omului \u00een cauza Sandu \u0219i al\u021bii v. Republica Moldova \u0219i Federa\u021bia Rus\u0103"},"content":{"rendered":"<p>Urmare a pronun\u021b\u0103rii pe 17 iulie 2018 a hot\u0103r\u00e2rii Cur\u021bii Europene a Drepturilor Omului \u00een cauza Sandu \u0219i al\u021bii v. Republica Moldova \u0219i Federa\u021bia Rus\u0103 reiter\u0103m c\u0103 gra\u021bie m\u0103surilor de sprijin permanent acordate \u0219i asisten\u021bei multidimensional oferite reclaman\u021bilor viza\u021bi (1646 de persoane fizice \u0219i 3 societ\u0103\u021bi comerciale), \u00eenalta instan\u021b\u0103 a confirmat \u00een mod obiectiv \u0219i echitabil faptul c\u0103 autorit\u0103\u021bile Republicii Moldova \u0219i-au onorat obliga\u021biile pozitive prin \u00eentreprinderea unor ac\u021biuni adecvate \u0219i suficiente \u00een m\u0103sur\u0103 s\u0103 asigure drepturile reclaman\u021bilor la un remediu efectiv \u0219i la protec\u021bia propriet\u0103\u021bii.<\/p>\n<p>Reamintim c\u0103 problema terenurilor agricole din raionul Dub\u0103sari, amplasate dup\u0103 traseul R\u00e2bni\u0163a-Tiraspol (de la apari\u021bia acesteia \u0219i p\u00e2n\u0103 \u00een prezent) a figurat \u00een mod constant pe agenda tuturor platformelor de dialog pentru reglementarea transnistrean\u0103 (formatul ,,5+2\u201d, reprezentan\u0163i politici, grupuri de lucru sectoriale), iar \u00een cadrul negocierilor reprezentan\u021bii Chi\u015fin\u0103ului insistau continuu pe deblocarea necondi\u0163ionat\u0103 a accesului la loturile de p\u0103m\u00e2nt \u00een cauz\u0103, restabilirea dreptului de proprietate lezat, eliminarea impedimentelor artificial instituite \u00een calea liberei circula\u0163ii, prelucrarea nestingherit\u0103 a terenurilor \u0219i transportarea f\u0103r\u0103 careva obstacole a materialului semincer \u0219i a recoltelor prin a\u0219a-numitele puncte de pe linia administrativ\u0103.<\/p>\n<p>Gra\u021bie angajamentelor convenite prin Decizia protocolar\u0103 \u201cCu privire la unele m\u0103suri de reglementare a problemelor legate de realizarea \u201cMecanismului din anul 2006\u201d referitor la utilizarea terenurilor agricole, amplasate \u00een raionul Dub\u0103sari, dup\u0103 traseul Tiraspol-Camenca\u201d, semnat\u0103 pe 25 noiembrie 2017, la nivel de reprezentan\u021bi politici, dar \u0219i a \u00een\u021belegerii de a conferi \u00eencep\u00e2nd cu data de 01 august 2018 a accesului necondi\u021bionat la terenuri pentru to\u021bi proprietarii \u0219i fermierii care s-au documentat \u00een modul corespunz\u0103tor, practic s-a impulsionat procesul de recuperare a terenurilor agricole \u0219i cel de repunere \u00een drepturile legitime. Or, rezultatele respective sunt \u0219i o reflec\u021bie a vizitelor frecvent efectuate \u00een teritoriu de c\u0103tre reprezentan\u021bii Biroului politici de reintegrare (peste 20 la num\u0103r \u00een semestrul I 2018), asist\u0103rii permanente a exponen\u021bilor locali \u00een procesul de depunere a seturilor documentare necesare, precum \u0219i a abord\u0103rii intense a dosarului terenurilor arabile \u00een dialogul dintre Chi\u0219in\u0103u \u0219i Tiraspol, cu focusarea ac\u021biunilor spre rezolvarea durabil\u0103 \u0219i viabil\u0103 a problemei.<\/p>\n<p>M\u0103surile de suport ale Guvernului au vizat \u0219i componenta material-financiar\u0103, dat fiind faptul c\u0103 \u00een perioada 2014-2018 din fondul de rezerv\u0103 au fost aloca\u021bi circa 45 milioane de lei pentru a compensa par\u021bial unele pierderi suportate de c\u0103tre proprietarii terenurilor agricole din raionul Dub\u0103sari, iar prin prevederile Legii nr.39-XVI din 02.03.2006 privind instituirea unor m\u0103suri suplimentare de sus\u021binere a activit\u0103\u0163ii de \u00eentreprinz\u0103tor desf\u0103\u015furate \u00een localit\u0103\u0163ile din st\u00e2nga Nistrului ale raionului Dub\u0103sari, de\u021bin\u0103torilor de terenuri agricole situate dup\u0103 traseul R\u00e2bni\u0163a-Tiraspol li s-au creau \u0219i men\u021binut diverse facilit\u0103\u021bi \u00een domeniul protec\u021biei sociale (ajutoare de \u0219omaj, aloca\u021bii de integrare\/ reintegrare profesional\u0103, scutiri de plata primelor de asigurare obligatorie de asisten\u021b\u0103 medical\u0103 \u0219i de plata impozitului funciar).<\/p>\n<p>Problemele cu care se confrunt\u0103 proprietarii terenurilor agricole din raionul Dub\u0103sari r\u0103m\u00e2n \u00een vizorul permanent al Biroului politici de reintegrare, care va men\u021bine \u0219i \u00een continuare o pozi\u021bie proactiv\u0103 pentru a definitiva procesul de restabilire a accesului la loturile de p\u0103m\u00e2nt men\u021bionate, a asigura restabilirea \u0219i protec\u021bia dreptului de proprietate al fermierilor \u00eendrept\u0103\u021bi\u021bi \u0219i a monitoriza realizarea plenar\u0103 a angajamentelor convenite pe dosarul respectiv \u00een cadrul negocierilor pentru reglementarea transnistrean\u0103.<\/p>\n<p>Sursa:\u00a0<a href=\"https:\/\/gov.md\/ro\/content\/comentariu-legatura-cu-pronuntarea-hotararii-curtii-europene-drepturilor-omului-cauza-sandu\">https:\/\/gov.md\/<\/a><\/p>\n","protected":false},"excerpt":{"rendered":"<p>Urmare a pronun\u021b\u0103rii pe 17 iulie 2018 a hot\u0103r\u00e2rii Cur\u021bii Europene a Drepturilor Omului \u00een cauza Sandu \u0219i al\u021bii v. Republica Moldova \u0219i Federa\u021bia Rus\u0103 reiter\u0103m c\u0103 gra\u021bie m\u0103surilor de sprijin permanent acordate \u0219i asisten\u021bei multidimensional oferite reclaman\u021bilor viza\u021bi (1646 de persoane fizice \u0219i 3 societ\u0103\u021bi comerciale), \u00eenalta instan\u021b\u0103 a confirmat \u00een mod obiectiv \u0219i&#8230;<\/p>\n","protected":false},"author":2,"featured_media":0,"comment_status":"closed","ping_status":"open","sticky":false,"template":"","format":"standard","meta":[],"categories":[1],"tags":[],"_links":{"self":[{"href":"https:\/\/centers.ulbsibiu.ro\/ccsprise\/lact\/wp-json\/wp\/v2\/posts\/5187"}],"collection":[{"href":"https:\/\/centers.ulbsibiu.ro\/ccsprise\/lact\/wp-json\/wp\/v2\/posts"}],"about":[{"href":"https:\/\/centers.ulbsibiu.ro\/ccsprise\/lact\/wp-json\/wp\/v2\/types\/post"}],"author":[{"embeddable":true,"href":"https:\/\/centers.ulbsibiu.ro\/ccsprise\/lact\/wp-json\/wp\/v2\/users\/2"}],"replies":[{"embeddable":true,"href":"https:\/\/centers.ulbsibiu.ro\/ccsprise\/lact\/wp-json\/wp\/v2\/comments?post=5187"}],"version-history":[{"count":1,"href":"https:\/\/centers.ulbsibiu.ro\/ccsprise\/lact\/wp-json\/wp\/v2\/posts\/5187\/revisions"}],"predecessor-version":[{"id":5188,"href":"https:\/\/centers.ulbsibiu.ro\/ccsprise\/lact\/wp-json\/wp\/v2\/posts\/5187\/revisions\/5188"}],"wp:attachment":[{"href":"https:\/\/centers.ulbsibiu.ro\/ccsprise\/lact\/wp-json\/wp\/v2\/media?parent=5187"}],"wp:term":[{"taxonomy":"category","embeddable":true,"href":"https:\/\/centers.ulbsibiu.ro\/ccsprise\/lact\/wp-json\/wp\/v2\/categories?post=5187"},{"taxonomy":"post_tag","embeddable":true,"href":"https:\/\/centers.ulbsibiu.ro\/ccsprise\/lact\/wp-json\/wp\/v2\/tags?post=5187"}],"curies":[{"name":"wp","href":"https:\/\/api.w.org\/{rel}","templated":true}]}}