{"id":5181,"date":"2018-07-23T16:57:49","date_gmt":"2018-07-23T14:57:49","guid":{"rendered":"https:\/\/centers.ulbsibiu.ro\/ccsprise\/lact\/?p=5181"},"modified":"2018-07-23T16:57:49","modified_gmt":"2018-07-23T14:57:49","slug":"ziarulnational-md-grigori-karasin-rezolutia-privind-retragerea-trupelor-militare-ruse-de-pe-teritoriul-r-moldova-adoptata-de-onu-provocatoare-si-amenintare-asupra-prog","status":"publish","type":"post","link":"https:\/\/centers.ulbsibiu.ro\/ccsprise\/lact\/ziarulnational-md-grigori-karasin-rezolutia-privind-retragerea-trupelor-militare-ruse-de-pe-teritoriul-r-moldova-adoptata-de-onu-provocatoare-si-amenintare-asupra-prog\/","title":{"rendered":"Ziarulnational.md &#8211; Grigori Karasin: Rezolu\u021bia privind retragerea trupelor MILITARE ruse de pe teritoriul R. Moldova, adoptat\u0103 de ONU, \u201eprovocatoare\u201d \u0219i \u201eamenin\u021bare asupra progresului fragil\u201d \u00een reglementarea transnistrean\u0103"},"content":{"rendered":"<p><span style=\"display: inline !important; float: none; background-color: transparent; color: #383536; font-family: 'Open Sans',sans-serif; font-size: 16px; font-style: normal; font-variant: normal; font-weight: 400; letter-spacing: normal; orphans: 2; text-align: left; text-decoration: none; text-indent: 0px; text-transform: none; -webkit-text-stroke-width: 0px; white-space: normal; word-spacing: 0px;\">Contingentul de pacificatori din st\u00e2nga Nistrului contribuie la securitatea Europei, \u00eentruc\u00e2t, \u00een cei 26 de ani de la \u00eenfiin\u021barea acestuia, \u00een Transnistria nu au mai avut loc confrunt\u0103ri armate, sus\u021bine viceministrul rus de Externe, Grigori Karasin. <\/span><\/p>\n<p><span style=\"display: inline !important; float: none; background-color: transparent; color: #383536; font-family: 'Open Sans',sans-serif; font-size: 16px; font-style: normal; font-variant: normal; font-weight: 400; letter-spacing: normal; orphans: 2; text-align: left; text-decoration: none; text-indent: 0px; text-transform: none; -webkit-text-stroke-width: 0px; white-space: normal; word-spacing: 0px;\"> \u201eTransnistria este singura regiune din Europa de Est unde, dup\u0103 introducerea contingentului de pacificatori, confrunt\u0103rile militare au \u00eencetat \u0219i nu au mai fost reluate\u201d, a declarat Karasin pentru \u201e<\/span><a href=\"https:\/\/www.kommersant.ru\/doc\/3694640\" target=\"_blank\" rel=\"noopener\">Kommersant<\/a><span style=\"display: inline !important; float: none; background-color: transparent; color: #383536; font-family: 'Open Sans',sans-serif; font-size: 16px; font-style: normal; font-variant: normal; font-weight: 400; letter-spacing: normal; orphans: 2; text-align: left; text-decoration: none; text-indent: 0px; text-transform: none; -webkit-text-stroke-width: 0px; white-space: normal; word-spacing: 0px;\">\u201d.<\/span><\/p>\n<p><span style=\"display: inline !important; float: none; background-color: transparent; color: #383536; font-family: 'Open Sans',sans-serif; font-size: 16px; font-style: normal; font-variant: normal; font-weight: 400; letter-spacing: normal; orphans: 2; text-align: left; text-decoration: none; text-indent: 0px; text-transform: none; -webkit-text-stroke-width: 0px; white-space: normal; word-spacing: 0px;\"> Oficialul rus a catalogat ac\u021biunile Chi\u0219in\u0103ului din ultimul timp \u00een domeniul reglement\u0103rii transnistrene ca fiind \u201edistructive\u201d \u0219i \u201eo amenin\u021bare la adresa progresului fragil\u201d \u00eentregistrat \u00een ultimele luni \u00eentre Chi\u0219in\u0103u \u0219i Tiraspol. <\/span><\/p>\n<p><span style=\"display: inline !important; float: none; background-color: transparent; color: #383536; font-family: 'Open Sans',sans-serif; font-size: 16px; font-style: normal; font-variant: normal; font-weight: 400; letter-spacing: normal; orphans: 2; text-align: left; text-decoration: none; text-indent: 0px; text-transform: none; -webkit-text-stroke-width: 0px; white-space: normal; word-spacing: 0px;\"> \u201eConstat\u0103m c\u0103 partenerii no\u0219tri moldoveni au \u00een ultimul timp un comportament distructiv \u00een aceast\u0103 chestiune. Anul trecut a fost sabotat\u0103 s\u0103rb\u0103torirea comun\u0103 a anivers\u0103rii a 25 de ani a trupelor pacificatoare \u0219i noi lu\u0103m \u00een calcul c\u0103 acest lucru a fost cauzat de procesele de conjunctur\u0103 care au loc \u00een R. Moldova. O dovad\u0103 a acestui lucru a devenit ini\u021biativa Chi\u0219in\u0103ului \u0219i adoptarea, pe 22 iunie, a Rezolu\u021biei provocatoare de c\u0103tre Adunarea General\u0103 a ONU privind retragerea deplin\u0103 \u0219i neconid\u021bionat\u0103 a trupelor militare str\u0103ine de pe teritoriul R. Moldova. Aceast\u0103 ini\u021biativ\u0103 a Chi\u0219in\u0103ului reprezint\u0103 o amenin\u021bare asupra progresului fragil \u00eenregistrat \u00een ultimele luni \u00een reglementarea transnistrean\u0103\u201d, a precizat Grigori Karasin.<\/span><\/p>\n<p>Textul complet:\u00a0<a href=\"https:\/\/www.ziarulnational.md\/grigori-karasin-rezolutia-privind-retragerea-trupelor-militare-ruse-de-pe-teritoriul-r-moldova-adoptata-de-onu-provocatoare-si-amenintare-asupra-progresului-fragil-in-reglementarea-transnistreana\/\">https:\/\/www.ziarulnational.md\/<\/a><\/p>\n","protected":false},"excerpt":{"rendered":"<p>Contingentul de pacificatori din st\u00e2nga Nistrului contribuie la securitatea Europei, \u00eentruc\u00e2t, \u00een cei 26 de ani de la \u00eenfiin\u021barea acestuia, \u00een Transnistria nu au mai avut loc confrunt\u0103ri armate, sus\u021bine viceministrul rus de Externe, Grigori Karasin. \u201eTransnistria este singura regiune din Europa de Est unde, dup\u0103 introducerea contingentului de pacificatori, confrunt\u0103rile militare au \u00eencetat \u0219i&#8230;<\/p>\n","protected":false},"author":2,"featured_media":0,"comment_status":"closed","ping_status":"open","sticky":false,"template":"","format":"standard","meta":[],"categories":[1],"tags":[],"_links":{"self":[{"href":"https:\/\/centers.ulbsibiu.ro\/ccsprise\/lact\/wp-json\/wp\/v2\/posts\/5181"}],"collection":[{"href":"https:\/\/centers.ulbsibiu.ro\/ccsprise\/lact\/wp-json\/wp\/v2\/posts"}],"about":[{"href":"https:\/\/centers.ulbsibiu.ro\/ccsprise\/lact\/wp-json\/wp\/v2\/types\/post"}],"author":[{"embeddable":true,"href":"https:\/\/centers.ulbsibiu.ro\/ccsprise\/lact\/wp-json\/wp\/v2\/users\/2"}],"replies":[{"embeddable":true,"href":"https:\/\/centers.ulbsibiu.ro\/ccsprise\/lact\/wp-json\/wp\/v2\/comments?post=5181"}],"version-history":[{"count":1,"href":"https:\/\/centers.ulbsibiu.ro\/ccsprise\/lact\/wp-json\/wp\/v2\/posts\/5181\/revisions"}],"predecessor-version":[{"id":5182,"href":"https:\/\/centers.ulbsibiu.ro\/ccsprise\/lact\/wp-json\/wp\/v2\/posts\/5181\/revisions\/5182"}],"wp:attachment":[{"href":"https:\/\/centers.ulbsibiu.ro\/ccsprise\/lact\/wp-json\/wp\/v2\/media?parent=5181"}],"wp:term":[{"taxonomy":"category","embeddable":true,"href":"https:\/\/centers.ulbsibiu.ro\/ccsprise\/lact\/wp-json\/wp\/v2\/categories?post=5181"},{"taxonomy":"post_tag","embeddable":true,"href":"https:\/\/centers.ulbsibiu.ro\/ccsprise\/lact\/wp-json\/wp\/v2\/tags?post=5181"}],"curies":[{"name":"wp","href":"https:\/\/api.w.org\/{rel}","templated":true}]}}