{"id":5179,"date":"2018-07-22T15:51:15","date_gmt":"2018-07-22T13:51:15","guid":{"rendered":"https:\/\/centers.ulbsibiu.ro\/ccsprise\/lact\/?p=5179"},"modified":"2018-07-22T15:51:16","modified_gmt":"2018-07-22T13:51:16","slug":"radiochisinau-md-basarabia-100-ion-iovcev-stanga-nistrului-trebuie-sa-fie-declarata-zona-de-ocupatie","status":"publish","type":"post","link":"https:\/\/centers.ulbsibiu.ro\/ccsprise\/lact\/radiochisinau-md-basarabia-100-ion-iovcev-stanga-nistrului-trebuie-sa-fie-declarata-zona-de-ocupatie\/","title":{"rendered":"Radiochisinau.md &#8211; BASARABIA 100 | Ion IOVCEV: St\u00e2nga Nistrului trebuie s\u0103 fie declarat\u0103 zon\u0103 de ocupa\u021bie"},"content":{"rendered":"<p class=\"story-body__introduction\">Transnistria a fost creat\u0103 pentru ca R. Moldova s\u0103 nu poat\u0103 s\u0103 ajung\u0103 acolo unde este locul ei &#8211; \u00een UE \u0219i mai ales pentru ca s\u0103 nu aib\u0103 loc reunirea Basarabiei cu Rom\u00e2nia. Cel mai bine e s\u0103 se declare c\u0103 partea st\u00e2ng\u0103 a Nistrului este o zon\u0103 de ocupa\u021bie.<\/p>\n<div class=\"articleContent\">\n<p><strong>Ion Iovcev, directorul Liceului \u201eLucian Blaga\u201d din Tiraspol: \u201e<\/strong><em>Aceste mi\u0219c\u0103ri de trupe care au \u00a0loc, de la R\u00e2bni\u021ba, de la depozitele acelea de armament, merg ma\u0219ini militare, se vede c\u0103 sunt \u00eenc\u0103rcate, noaptea, pe la Blijnii Hutor, pe la poligoane, f\u0103r\u0103 s\u0103 aib\u0103 numere de \u00eenmatriculare, ne pun \u00een gard\u0103. Cred c\u0103, sau se scoate muni\u021bie de acolo \u0219i se duce la Tiraspol, \u00een Tighina \u0219i se preg\u0103te\u0219te ceva, sau se preg\u0103te\u0219te ceva \u00eempotriva Ucrainei. E serios lucrul acesta \u0219i f\u0103cut cu un scop bine determinat. Cred c\u0103 schimbarea lui Rogozin pe Kozak nu e spre bine, \u0219tim anul 2003 \u0219i proiectul lui Kozak, acum vor s\u0103-l pun\u0103 \u00een aplica\u021bie. E un plan diabolic pentru noi, pierdem orice speran\u021b\u0103 \u00een viitorul nostru. Totul se preg\u0103te\u0219te pentru alegerile din toamn\u0103, ca s\u0103 vin\u0103 la putere acei ce doresc foarte mult, PSRM. \u0218tim bine cum au avut loc alegerile pentru pre\u0219edintele R. Moldova. Am participat la toate alegerile \u00een Varni\u021ba \u0219i c\u00e2nd am v\u0103zut toate ma\u0219inile care au fost preg\u0103tite ca s\u0103 aduc\u0103 at\u00e2\u021bia \u0219i at\u00e2\u021bia transnistreni, mii \u0219i mii\u2026 nu v\u0103 \u00eenchipui\u021bi c\u00e2te ma\u0219ini erau \u0219i la Tiraspol, microbuze, autobuze, care aduceau transnistreni cu cet\u0103\u021benia R. Moldova, primit\u0103 f\u0103r\u0103 plat\u0103, \u00eei duceau la votare\u201d.<\/em><\/p>\n<p>Sursa:\u00a0<a href=\"https:\/\/radiochisinau.md\/basarabia-100-ion-iovcev-stanga-nistrului-trebuie-sa-fie-declarata-zona-de-ocupatie---71848.html\">https:\/\/radiochisinau.md\/<\/a><\/p>\n<\/div>\n","protected":false},"excerpt":{"rendered":"<p>Transnistria a fost creat\u0103 pentru ca R. Moldova s\u0103 nu poat\u0103 s\u0103 ajung\u0103 acolo unde este locul ei &#8211; \u00een UE \u0219i mai ales pentru ca s\u0103 nu aib\u0103 loc reunirea Basarabiei cu Rom\u00e2nia. Cel mai bine e s\u0103 se declare c\u0103 partea st\u00e2ng\u0103 a Nistrului este o zon\u0103 de ocupa\u021bie. Ion Iovcev, directorul Liceului&#8230;<\/p>\n","protected":false},"author":2,"featured_media":0,"comment_status":"closed","ping_status":"open","sticky":false,"template":"","format":"standard","meta":[],"categories":[1],"tags":[],"_links":{"self":[{"href":"https:\/\/centers.ulbsibiu.ro\/ccsprise\/lact\/wp-json\/wp\/v2\/posts\/5179"}],"collection":[{"href":"https:\/\/centers.ulbsibiu.ro\/ccsprise\/lact\/wp-json\/wp\/v2\/posts"}],"about":[{"href":"https:\/\/centers.ulbsibiu.ro\/ccsprise\/lact\/wp-json\/wp\/v2\/types\/post"}],"author":[{"embeddable":true,"href":"https:\/\/centers.ulbsibiu.ro\/ccsprise\/lact\/wp-json\/wp\/v2\/users\/2"}],"replies":[{"embeddable":true,"href":"https:\/\/centers.ulbsibiu.ro\/ccsprise\/lact\/wp-json\/wp\/v2\/comments?post=5179"}],"version-history":[{"count":1,"href":"https:\/\/centers.ulbsibiu.ro\/ccsprise\/lact\/wp-json\/wp\/v2\/posts\/5179\/revisions"}],"predecessor-version":[{"id":5180,"href":"https:\/\/centers.ulbsibiu.ro\/ccsprise\/lact\/wp-json\/wp\/v2\/posts\/5179\/revisions\/5180"}],"wp:attachment":[{"href":"https:\/\/centers.ulbsibiu.ro\/ccsprise\/lact\/wp-json\/wp\/v2\/media?parent=5179"}],"wp:term":[{"taxonomy":"category","embeddable":true,"href":"https:\/\/centers.ulbsibiu.ro\/ccsprise\/lact\/wp-json\/wp\/v2\/categories?post=5179"},{"taxonomy":"post_tag","embeddable":true,"href":"https:\/\/centers.ulbsibiu.ro\/ccsprise\/lact\/wp-json\/wp\/v2\/tags?post=5179"}],"curies":[{"name":"wp","href":"https:\/\/api.w.org\/{rel}","templated":true}]}}