{"id":5174,"date":"2018-07-21T18:09:11","date_gmt":"2018-07-21T16:09:11","guid":{"rendered":"https:\/\/centers.ulbsibiu.ro\/ccsprise\/lact\/?p=5174"},"modified":"2020-06-12T12:15:05","modified_gmt":"2020-06-12T10:15:05","slug":"tribuna-md-interviu-igor-munteanu-rusia-nu-pare-sa-fie-impresionata-de-rezolutiile-congresului-sua-iar-rm-are-prea-putine-parghii","status":"publish","type":"post","link":"https:\/\/centers.ulbsibiu.ro\/ccsprise\/lact\/tribuna-md-interviu-igor-munteanu-rusia-nu-pare-sa-fie-impresionata-de-rezolutiile-congresului-sua-iar-rm-are-prea-putine-parghii\/","title":{"rendered":"Tribuna.md &#8211; (INTERVIU) Igor Munteanu: Rusia nu pare s\u0103 fie impresionat\u0103 de rezolu\u021biile Congresului SUA, iar RM are prea pu\u021bine p\u00e2rghii"},"content":{"rendered":"<p><strong>\u00cen cadrul unui interviu acordat portalului TRIBUNA,\u00a0directorul executiv al IDIS Viitorul,\u00a0Igor Munteanu\u00a0a vorbit despre\u00a0rezolu\u021biile adoptate recent de c\u0103tre ONU, AP OSCE, Congresul SUA, desemnarea vicepremierului Dmitri Kozak \u00een noua func\u021bie, cum explic\u0103 tendin\u021ba guvern\u0103rii de a avansa \u00een rela\u021bia cu SUA, care ar fi interesele marilor puteri fa\u021b\u0103 de Transnistria \u00een acest moment, dar \u0219i despre alte aspecte importante.<\/strong><\/p>\n<p><strong>T.: Dle. Munteanu, cum explica\u021bi interesul relativ sporit al ONU, AP OSCE, Congresul SUA fa\u021b\u0103 de problema transnistrean\u0103? M\u0103 refer la rezolu\u021biile adoptate de c\u0103tre aceste organiza\u021bii\/institu\u021bii \u00een ultima perioad\u0103.<\/strong><\/p>\n<p><strong>I.M.:\u00a0<\/strong>Probabil c\u0103 eu cu Dvs. atribuim sensuri diferite sintagmei de \u201einteres sporit fa\u021b\u0103 de problema transnistrean\u0103\u201d. De fapt, nu v\u0103d nici un semn c\u0103 la nivelul institu\u021biilor men\u021bionate ar fi o prioritate Moldova cu problemele sale secesioniste. Este adev\u0103rat c\u0103 Republica Moldova a cerut sus\u021binerea comunit\u0103\u021bii interna\u021bionale \u00een problema retragerii trupelor ruse aflate ilegal pe teritoriul s\u0103u, iar ONU \u0219i Adunarea Parlamentar\u0103 a OSCE au sus\u021binut prin rezolu\u021bii \u0219i declara\u021bii aceast\u0103 cerere, un sprijin simbolic \u0219i politic, dar care nu rezolv\u0103 problema de fond \u2013 Rusia continu\u0103 s\u0103 sfideze independen\u021ba statului \u0219i s\u0103 renege un principiu de drept interna\u021bional fundamental \u2013 inviolabilitatea frontierelor recunoscute Republicii Moldova \u00een frontierele anului 1990, \u0219i aparent nici nu se gr\u0103be\u0219te s\u0103 se conformeze etichetei de a-\u0219i retrage trupele militare ilegale de pe teritoriul RM. \u00cen plus, Rusia continu\u0103 s\u0103 sponsorizeze un regim separatist \u0219i exploateaz\u0103 \u00een mod vicios controlul s\u0103u asupra elitelor transnistrene pentru a-\u0219i extinde c\u00e2t mai mult\u0103 influen\u0163a asupra RM. V-a\u021bi referit inter alia \u0219i la o Rezolu\u021bie a Congresului SUA pe acela\u0219i subiect din februarie 2018, viz\u00e2nd retragerea militarilor ru\u0219i, dar \u00eemi permit s\u0103 v\u0103 amintesc \u00een acest sens c\u0103 asemenea rezolu\u021bii politice au mai fost adoptate \u0219i \u00een trecut. Pe timpul \u00een care-mi exercitam func\u021bia de Ambasador al RM \u00een SUA (2010-2015), prin intermediul Caucusului pentru Moldova, grupul politic pe care l-am \u00eenfiin\u021bat la ini\u021biativa mea \u00een Congresul SUA \u0219i care func\u021bioneaz\u0103 p\u00e2n\u0103 ast\u0103zi, prietenii no\u0219tri senatori \u0219i congresmeni au ini\u021biat zeci de rezolu\u021bii cu acela\u0219i con\u021binut, \u0219i nu cred c\u0103 valoarea rezolu\u021biei din 2018 este superioar\u0103 celor adoptate \u00een 2012, 2013, 2014, sau 2015, \u00een sprijinul suveranit\u0103\u021bii \u0219i inviolabilit\u0103\u021bii Republicii Moldova, som\u00e2nd Rusia s\u0103-\u0219i retrag\u0103 militarii. Din p\u0103cate, Rusia nu pare s\u0103 fie impresionat\u0103 de rezolu\u021biile Congresului SUA, iar RM are prea pu\u021bine p\u00e2rghii care s\u0103 fac\u0103 prezen\u021ba acestor militari ru\u0219i greu de men\u021binut chiar \u0219i pentru Rusia, ceea ce ar \u00eenseamn\u0103 de fapt c\u0103\u00a0\u00a0oric\u00e2t\u0103 sus\u021binere extern\u0103 nu poate ajuta dac\u0103 nu elimin\u0103m noi, \u00een RM, condi\u021biile care fac prezen\u021ba acestor trupe militare \u00een RM \u00eenc\u0103 posibil\u0103, iar pentru ca aceste condi\u021bii s\u0103 fie eliminate trebuie s\u0103 existe un stat func\u021bional la Chi\u0219in\u0103u, \u0219i nu o imita\u021bie de stat.<\/p>\n<p><strong>T.: Poate fi considerat\u0103 desemnarea vicepremierului Dmitri Kozak \u00een func\u021bia de reprezentant special al Pre\u0219edintelui Rusiei pentru dezvoltarea rela\u021biilor comerciale \u0219i economice cu Republica Moldova un r\u0103spuns al Rusiei la rezolu\u021biile ONU, AP OSCE \u0219i Congresului SUA?<\/strong><\/p>\n<p><strong>I.M.:\u00a0<\/strong>Posibil. Cred c\u0103 mai degrab\u0103 Rusia era cu un pas \u00een urm\u0103 dup\u0103 \u201eincidentul din 2017\u201d \u00een care \u201efabulosul propagandist\u201d D. Rogozin, a\u0219a-zisul reprezentant al Pre\u0219edintelui Putin pentru Transnistria a fost declarat dintr-o dat\u0103 \u201epersona non grata\u201d \u00een RM \u0219i Rusia nu a putut replica nimic, c\u00e2t nu s-a zb\u0103tut Rogozin s\u0103 scuture Twitterul. Totu\u0219i, pentru c\u0103 Rusia are nevoie de un \u201esupraveghetor\u201d permanent peste capul Tiraspolului, Putin a decis s\u0103-l reactiveze \u00een acest moment pe unul din apropia\u021bii s\u0103i, reprezentantul s\u0103u \u00een Caucaz, Dmitri Kozak. Am mai spus de cur\u00e2nd \u2013 titlul func\u021biei atribuite lui Kozak este total inadecvat \u0219i fals. Cu doar 17% comer\u021b extern orientat spre Rusia \u0219i 65% spre UE, Republica Moldova nu are nevoie de Kozac pentru a-\u0219i sim\u021bi interesele economice mai bine p\u0103zite. Este limpede c\u0103 acest nou emisar al Kremlinului are sarcina de a se implica activ \u00een via\u021ba politic\u0103 intern\u0103 de la Chi\u0219in\u0103u \u0219i Tiraspol, av\u00e2nd o grij\u0103 special\u0103 de regimul separatist care se g\u0103se\u0219te \u00eentr-o stare accelerat\u0103 de agonie politic\u0103 \u0219i economic\u0103. S\u0103 va dau c\u00e2teva cifre. \u00cen anul 2018, cheltuielile bugetului public al PMR sunt de 2 ori mai mari dec\u00e2t veniturile planificate, veniturile fiind de 1,1594 mlrd ruble (sau 102,8 mln $) fa\u021b\u0103 de cheltuielile estimate la 3086 mlrd ruble (sau 199,1 mln $). Deficitul actual (1,492 mlrd ruble) este acoperit integral din banii \u00eencasa\u021bi din v\u00e2nz\u0103rile de gaze ruse\u0219ti care nu mai sunt returnate companiei Moldovagaz. Reiese c\u0103 Guvernul RM, c\u00e2t\u0103 vreme tolereaz\u0103 aceast\u0103 situa\u021bie, este pl\u0103titor net al salariilor regimului separatist. Pe mine, ca cet\u0103\u021bean al RM, aceast\u0103 situa\u021bie penibil\u0103 m\u0103 insult\u0103, ca \u0219i pe mul\u021bi al\u021bi cet\u0103\u021beni loiali ai acestui stat, care nu se simt ap\u0103ra\u021bi de un asemenea stat impotent, care nu-\u0219i ap\u0103r\u0103 interesele. Ast\u0103zi, datoria extern\u0103 a Transnistriei a atins suma de 668,6 mln $, format\u0103 din creditele acordate de Rusia \u00een perioada anilor\u00a01992-1994, cu penalit\u0103\u021bi \u0219i dob\u00e2nzi calculate; \u00een plus, datoria intern\u0103 a PMR a atins suma de 17,999 mlrd ruble \u0219i dep\u0103\u0219e\u0219te veniturile bugetului prev\u0103zut \u00een 2018 de cca 11 ori. Dac\u0103 punem \u00een discu\u021bie \u0219i astronomica datorie de 6 mlrd $ pe care regimul a acumulat-o \u00een Moldovagaz pentru consumul de gaz, ajungem la concluzia c\u0103 regimul de la Tiraspol este falit, ca s\u0103 se descurce ar trebui urgent s\u0103 renun\u021be la orice cheltuieli care nu sunt sociale, s\u0103 demobilizeze armata, s\u0103 dea afar\u0103 jum\u0103tate din armata de cinovnici angaja\u021bi de administra\u021bie, \u0219i s\u0103 revin\u0103 printr-o administra\u021bie special\u0103, care s\u0103 pun\u0103 cap\u0103t acestui experiment dureros pentru popula\u021bia local\u0103. Pentru Moscova este decisiv s\u0103 \u201ep\u0103storeasc\u0103\u201d un asemenea viitor guvern la Chi\u0219in\u0103u care ar fi u\u0219or de cump\u0103rat, construit pe faimoasele directive \u201e\u0219i cu Estul \u0219i cu Vestul\u201d ale nomenclaturii post-sovietice.<\/p>\n<p>Interviul complet:\u00a0<a href=\"http:\/\/tribuna.md\/2018\/07\/21\/interviu-igor-munteanu-rusia-nu-pare-sa-fie-impresionata-de-rezolutiile-congresului-sua-iar-rm-are-prea-putine-parghii\/\">http:\/\/tribuna.md\/<\/a><\/p>\n","protected":false},"excerpt":{"rendered":"<p>\u00cen cadrul unui interviu acordat portalului TRIBUNA,\u00a0directorul executiv al IDIS Viitorul,\u00a0Igor Munteanu\u00a0a vorbit despre\u00a0rezolu\u021biile adoptate recent de c\u0103tre ONU, AP OSCE, Congresul SUA, desemnarea vicepremierului Dmitri Kozak \u00een noua func\u021bie, cum explic\u0103 tendin\u021ba guvern\u0103rii de a avansa \u00een rela\u021bia cu SUA, care ar fi interesele marilor puteri fa\u021b\u0103 de Transnistria \u00een acest moment, dar \u0219i&#8230;<\/p>\n","protected":false},"author":2,"featured_media":0,"comment_status":"closed","ping_status":"open","sticky":false,"template":"","format":"standard","meta":[],"categories":[1],"tags":[],"_links":{"self":[{"href":"https:\/\/centers.ulbsibiu.ro\/ccsprise\/lact\/wp-json\/wp\/v2\/posts\/5174"}],"collection":[{"href":"https:\/\/centers.ulbsibiu.ro\/ccsprise\/lact\/wp-json\/wp\/v2\/posts"}],"about":[{"href":"https:\/\/centers.ulbsibiu.ro\/ccsprise\/lact\/wp-json\/wp\/v2\/types\/post"}],"author":[{"embeddable":true,"href":"https:\/\/centers.ulbsibiu.ro\/ccsprise\/lact\/wp-json\/wp\/v2\/users\/2"}],"replies":[{"embeddable":true,"href":"https:\/\/centers.ulbsibiu.ro\/ccsprise\/lact\/wp-json\/wp\/v2\/comments?post=5174"}],"version-history":[{"count":1,"href":"https:\/\/centers.ulbsibiu.ro\/ccsprise\/lact\/wp-json\/wp\/v2\/posts\/5174\/revisions"}],"predecessor-version":[{"id":5175,"href":"https:\/\/centers.ulbsibiu.ro\/ccsprise\/lact\/wp-json\/wp\/v2\/posts\/5174\/revisions\/5175"}],"wp:attachment":[{"href":"https:\/\/centers.ulbsibiu.ro\/ccsprise\/lact\/wp-json\/wp\/v2\/media?parent=5174"}],"wp:term":[{"taxonomy":"category","embeddable":true,"href":"https:\/\/centers.ulbsibiu.ro\/ccsprise\/lact\/wp-json\/wp\/v2\/categories?post=5174"},{"taxonomy":"post_tag","embeddable":true,"href":"https:\/\/centers.ulbsibiu.ro\/ccsprise\/lact\/wp-json\/wp\/v2\/tags?post=5174"}],"curies":[{"name":"wp","href":"https:\/\/api.w.org\/{rel}","templated":true}]}}