{"id":5172,"date":"2018-07-20T18:22:05","date_gmt":"2018-07-20T16:22:05","guid":{"rendered":"https:\/\/centers.ulbsibiu.ro\/ccsprise\/lact\/?p=5172"},"modified":"2018-07-20T18:22:05","modified_gmt":"2018-07-20T16:22:05","slug":"ziarulnational-md-parlamentul-sustine-admiterea-automobilelor-transnistrene-in-traficul-international-o-capcana-si-un-pas-pentru-recunoasterea-transnistriei-ca-stat-suver","status":"publish","type":"post","link":"https:\/\/centers.ulbsibiu.ro\/ccsprise\/lact\/ziarulnational-md-parlamentul-sustine-admiterea-automobilelor-transnistrene-in-traficul-international-o-capcana-si-un-pas-pentru-recunoasterea-transnistriei-ca-stat-suver\/","title":{"rendered":"Ziarulnational.md &#8211; Parlamentul sus\u021bine admiterea automobilelor transnistrene \u00een traficul interna\u021bional: \u201eO capcan\u0103\u201d \u0219i \u201eun pas pentru recunoa\u0219terea Transnistriei ca stat suveran\u201d"},"content":{"rendered":"<p><span style=\"display: inline !important; float: none; background-color: transparent; color: #383536; font-family: 'Open Sans',sans-serif; font-size: 16px; font-style: normal; font-variant: normal; font-weight: 400; letter-spacing: normal; orphans: 2; text-align: left; text-decoration: none; text-indent: 0px; text-transform: none; -webkit-text-stroke-width: 0px; white-space: normal; word-spacing: 0px;\">Mijloacele de transport ale cet\u0103\u021benilor domicilia\u021bi \u00een st\u00e2nga Nistrului ar putea avea dreptul de circula\u0163ie \u00een traficul interna\u021bional. <\/span><\/p>\n<p><span style=\"display: inline !important; float: none; background-color: transparent; color: #383536; font-family: 'Open Sans',sans-serif; font-size: 16px; font-style: normal; font-variant: normal; font-weight: 400; letter-spacing: normal; orphans: 2; text-align: left; text-decoration: none; text-indent: 0px; text-transform: none; -webkit-text-stroke-width: 0px; white-space: normal; word-spacing: 0px;\"> Parlamentul a aprobat ast\u0103zi, \u00een prim\u0103 lectur\u0103, un proiect de lege cu privire la \u00eenmatricularea mijloacelor de transport din st\u00e2nga Nistrului, criticat dur de opozi\u021bia parlamentar\u0103 de dreapta.<\/span><\/p>\n<p><span style=\"display: inline !important; float: none; background-color: transparent; color: #383536; font-family: 'Open Sans',sans-serif; font-size: 16px; font-style: normal; font-variant: normal; font-weight: 400; letter-spacing: normal; orphans: 2; text-align: left; text-decoration: none; text-indent: 0px; text-transform: none; -webkit-text-stroke-width: 0px; white-space: normal; word-spacing: 0px;\"> Potrivit proiectului, mijloacele de transport, inclusiv remorcile, motocicletele \u015fi bicicletele cu motor auxiliar, vor putea ob\u021bine pl\u0103ci cu num\u0103r de \u00eenmatriculare neutru pentru circula\u021bia \u00een trafic interna\u021bional, eliberate de subdiviziunile Agen\u0163iei Servicii Publice a Republicii Moldova la oficiile deschise \u00een ora\u0219ele Tighina \u0219i R\u00e2bni\u021ba, f\u0103r\u0103 achitarea drepturilor de import \u015fi f\u0103r\u0103 prezentarea obligatorie a actelor vamale.<\/span><\/p>\n<p><span style=\"display: inline !important; float: none; background-color: transparent; color: #383536; font-family: 'Open Sans',sans-serif; font-size: 16px; font-style: normal; font-variant: normal; font-weight: 400; letter-spacing: normal; orphans: 2; text-align: left; text-decoration: none; text-indent: 0px; text-transform: none; -webkit-text-stroke-width: 0px; white-space: normal; word-spacing: 0px;\"> Pentru a ob\u021bine numere neutre, proprietarii vor prezenta documente confirmative care atest\u0103 domiciliul persoanei \u015fi dreptul de proprietate, \u00eenso\u0163ite de o declara\u0163ie scris\u0103 pe propria r\u0103spundere a solicitantului cu privire la veridicitatea informa\u0163iilor. <\/span><\/p>\n<p><span style=\"display: inline !important; float: none; background-color: transparent; color: #383536; font-family: 'Open Sans',sans-serif; font-size: 16px; font-style: normal; font-variant: normal; font-weight: 400; letter-spacing: normal; orphans: 2; text-align: left; text-decoration: none; text-indent: 0px; text-transform: none; -webkit-text-stroke-width: 0px; white-space: normal; word-spacing: 0px;\"> Proiectul de lege mai prevede c\u0103 mijloacele de transport cu numere neutre pot fi \u00eenstr\u0103inate c\u0103tre persoanele cu domiciliul \u00een localit\u0103\u0163ile din st\u00e2nga Nistrului sau municipiul Tighina sau persoanelor juridice care desf\u0103\u015foar\u0103 activitate de \u00eentreprinz\u0103tor \u00een unit\u0103\u0163ile administrativ-teritoriale din st\u00e2nga Nistrului f\u0103r\u0103 achitarea drepturilor de import. <\/span><\/p>\n<p><span style=\"display: inline !important; float: none; background-color: transparent; color: #383536; font-family: 'Open Sans',sans-serif; font-size: 16px; font-style: normal; font-variant: normal; font-weight: 400; letter-spacing: normal; orphans: 2; text-align: left; text-decoration: none; text-indent: 0px; text-transform: none; -webkit-text-stroke-width: 0px; white-space: normal; word-spacing: 0px;\"> \u00cen cazul \u00een care mijloacele de transport sunt \u00eenstr\u0103inate persoanelor cu domiciliu \u00een localit\u0103\u021bile din dreapta Nistrului, \u00eenregistrarea noului proprietar se va efectua cu condi\u0163ia c\u0103 mijlocul de transport nu este prohibit de a fi introdus pe teritoriul Republicii Moldova \u015fi cu achitarea drepturilor de import. <\/span><\/p>\n<p><span style=\"display: inline !important; float: none; background-color: transparent; color: #383536; font-family: 'Open Sans',sans-serif; font-size: 16px; font-style: normal; font-variant: normal; font-weight: 400; letter-spacing: normal; orphans: 2; text-align: left; text-decoration: none; text-indent: 0px; text-transform: none; -webkit-text-stroke-width: 0px; white-space: normal; word-spacing: 0px;\"> Proiectul, care urmeaz\u0103 a fi votat \u00een lectur\u0103 final\u0103 de c\u0103tre Parlament, este catalogat de liberali drept \u201eo capcan\u0103\u201d la adresa R. Moldova.<\/span><\/p>\n<p><span style=\"display: inline !important; float: none; background-color: transparent; color: #383536; font-family: 'Open Sans',sans-serif; font-size: 16px; font-style: normal; font-variant: normal; font-weight: 400; letter-spacing: normal; orphans: 2; text-align: left; text-decoration: none; text-indent: 0px; text-transform: none; -webkit-text-stroke-width: 0px; white-space: normal; word-spacing: 0px;\"> Deputatul Ion Casian a avertizat colegii c\u0103 o asemenea decizie este \u00eenc\u0103 un pas pentru \u201erecunoa\u0219terea Transnistriei ca stat suveran\u201d. <\/span><\/p>\n<p>Sursa:\u00a0<a href=\"https:\/\/www.ziarulnational.md\/parlamentul-sustine-admiterea-automobilelor-transnistrene-in-traficul-international-o-capcana-si-un-pas-pentru-recunoasterea-transnistriei-ca-stat-suveran\/\">https:\/\/www.ziarulnational.md\/<\/a><\/p>\n","protected":false},"excerpt":{"rendered":"<p>Mijloacele de transport ale cet\u0103\u021benilor domicilia\u021bi \u00een st\u00e2nga Nistrului ar putea avea dreptul de circula\u0163ie \u00een traficul interna\u021bional. Parlamentul a aprobat ast\u0103zi, \u00een prim\u0103 lectur\u0103, un proiect de lege cu privire la \u00eenmatricularea mijloacelor de transport din st\u00e2nga Nistrului, criticat dur de opozi\u021bia parlamentar\u0103 de dreapta. Potrivit proiectului, mijloacele de transport, inclusiv remorcile, motocicletele \u015fi&#8230;<\/p>\n","protected":false},"author":2,"featured_media":0,"comment_status":"closed","ping_status":"open","sticky":false,"template":"","format":"standard","meta":[],"categories":[1],"tags":[],"_links":{"self":[{"href":"https:\/\/centers.ulbsibiu.ro\/ccsprise\/lact\/wp-json\/wp\/v2\/posts\/5172"}],"collection":[{"href":"https:\/\/centers.ulbsibiu.ro\/ccsprise\/lact\/wp-json\/wp\/v2\/posts"}],"about":[{"href":"https:\/\/centers.ulbsibiu.ro\/ccsprise\/lact\/wp-json\/wp\/v2\/types\/post"}],"author":[{"embeddable":true,"href":"https:\/\/centers.ulbsibiu.ro\/ccsprise\/lact\/wp-json\/wp\/v2\/users\/2"}],"replies":[{"embeddable":true,"href":"https:\/\/centers.ulbsibiu.ro\/ccsprise\/lact\/wp-json\/wp\/v2\/comments?post=5172"}],"version-history":[{"count":1,"href":"https:\/\/centers.ulbsibiu.ro\/ccsprise\/lact\/wp-json\/wp\/v2\/posts\/5172\/revisions"}],"predecessor-version":[{"id":5173,"href":"https:\/\/centers.ulbsibiu.ro\/ccsprise\/lact\/wp-json\/wp\/v2\/posts\/5172\/revisions\/5173"}],"wp:attachment":[{"href":"https:\/\/centers.ulbsibiu.ro\/ccsprise\/lact\/wp-json\/wp\/v2\/media?parent=5172"}],"wp:term":[{"taxonomy":"category","embeddable":true,"href":"https:\/\/centers.ulbsibiu.ro\/ccsprise\/lact\/wp-json\/wp\/v2\/categories?post=5172"},{"taxonomy":"post_tag","embeddable":true,"href":"https:\/\/centers.ulbsibiu.ro\/ccsprise\/lact\/wp-json\/wp\/v2\/tags?post=5172"}],"curies":[{"name":"wp","href":"https:\/\/api.w.org\/{rel}","templated":true}]}}