{"id":5170,"date":"2018-07-20T18:18:31","date_gmt":"2018-07-20T16:18:31","guid":{"rendered":"https:\/\/centers.ulbsibiu.ro\/ccsprise\/lact\/?p=5170"},"modified":"2018-07-20T18:18:31","modified_gmt":"2018-07-20T16:18:31","slug":"gov-md-reprezentantii-chisinaului-in-comisia-unificata-de-control-insista-pe-eliminarea-infrastructurii-de-control-pe-podul-dintre-localitatile-gura-bacului-si-bacioc","status":"publish","type":"post","link":"https:\/\/centers.ulbsibiu.ro\/ccsprise\/lact\/gov-md-reprezentantii-chisinaului-in-comisia-unificata-de-control-insista-pe-eliminarea-infrastructurii-de-control-pe-podul-dintre-localitatile-gura-bacului-si-bacioc\/","title":{"rendered":"Gov.md &#8211; Reprezentan\u021bii Chi\u0219in\u0103ului \u00een Comisia Unificat\u0103 de Control insist\u0103 pe eliminarea infrastructurii de control pe podul dintre localit\u0103\u021bile Gura B\u00e2cului \u0219i B\u00e2cioc"},"content":{"rendered":"<p>\u00cen or. Bender, la 19 iulie 2018, sub pre\u015fedin\u0163ia delega\u021biei Federa\u021biei Ruse, s-au \u00eentrunit membrii Comisiei Unificate de Control pentru a discuta problemele ce vizeaz\u0103 situa\u0163ia din Zona de Securitate \u015fi solu\u021biile legate de chestiunea asigur\u0103rii liberei circula\u021bii \u0219i securit\u0103\u021bii pe podul peste r. Nistru, \u00een preajma satului B\u00e2cioc.<\/p>\n<p>Din motiv c\u0103 proiectul agendei primei \u0219edin\u021be nu a \u00eentrunit chestiunea organizatoric\u0103, ci numai raportul s\u0103pt\u0103m\u00e2nal al Comandamentului Militar \u00centrunit, conform \u00een\u0163elegerilor anterioare, s-a convenit ca \u0219edin\u021ba CUC s\u0103 fie transferat\u0103 pentru urm\u0103toarea reuniune a Comisiei.<\/p>\n<p>La cea de-a doua \u0219edin\u021b\u0103, neordinar\u0103, discu\u021biile s-au axat pe propunerile de compromis parvenite la 28 iunie curent din partea reprezentan\u021bilor Federa\u021biei Ruse, care prev\u0103d ca monitorizarea \u0219i asigurarea securit\u0103\u021bii \u0219i liberei circula\u021bii pe podul peste r. Nistru \u0219i \u00een vecin\u0103tatea localit\u0103\u021bilor Gura-B\u00e2cului \u0219i B\u00e2cioc s\u0103 fie asigurat\u0103 doar de c\u0103tre for\u021bele pacificatoare de comun cu angaja\u021bii poli\u021biei \u0219i a\u0219a-numitei mili\u021bii transnistrene. \u00cen context, componenta moldoveneasc\u0103 insist\u0103 pe lichidarea posturilor pretinselor structuri de for\u021b\u0103 transnistrene instalate \u00een preajma s.B\u00e2cioc. Aceast\u0103 propunere prezint\u0103 o solu\u021bie rezonabil\u0103 de a debloca activitatea CUC pe acest subiect \u0219i corespunde mandatului misiunii de pacificare stabilit de Acordul din 21 iulie 1992.<\/p>\n<p>Aprob\u0103rii acestei propuneri s-a opus vehement delega\u021bia transnistrean\u0103, neav\u00e2nd argumente temeinice.<\/p>\n<p>Din aceast\u0103 cauz\u0103 discu\u021biile asupra acestei probleme vor fi reluate la urm\u0103toarea \u0219edin\u021b\u0103 a Comisiei, preconizat\u0103 pentru data de 26 iulie 2018.<\/p>\n<p>&nbsp;<\/p>\n<p><strong>Delega\u021bia Republicii Moldova \u00een CUC\u00a0<\/strong><\/p>\n<p>&nbsp;<\/p>\n<p>Sursa:\u00a0<a href=\"https:\/\/gov.md\/ro\/content\/reprezentantii-chisinaului-comisia-unificata-de-control-insista-pe-eliminarea\">https:\/\/gov.md\/<\/a><\/p>\n","protected":false},"excerpt":{"rendered":"<p>\u00cen or. Bender, la 19 iulie 2018, sub pre\u015fedin\u0163ia delega\u021biei Federa\u021biei Ruse, s-au \u00eentrunit membrii Comisiei Unificate de Control pentru a discuta problemele ce vizeaz\u0103 situa\u0163ia din Zona de Securitate \u015fi solu\u021biile legate de chestiunea asigur\u0103rii liberei circula\u021bii \u0219i securit\u0103\u021bii pe podul peste r. Nistru, \u00een preajma satului B\u00e2cioc. Din motiv c\u0103 proiectul agendei primei&#8230;<\/p>\n","protected":false},"author":2,"featured_media":0,"comment_status":"closed","ping_status":"open","sticky":false,"template":"","format":"standard","meta":[],"categories":[1],"tags":[],"_links":{"self":[{"href":"https:\/\/centers.ulbsibiu.ro\/ccsprise\/lact\/wp-json\/wp\/v2\/posts\/5170"}],"collection":[{"href":"https:\/\/centers.ulbsibiu.ro\/ccsprise\/lact\/wp-json\/wp\/v2\/posts"}],"about":[{"href":"https:\/\/centers.ulbsibiu.ro\/ccsprise\/lact\/wp-json\/wp\/v2\/types\/post"}],"author":[{"embeddable":true,"href":"https:\/\/centers.ulbsibiu.ro\/ccsprise\/lact\/wp-json\/wp\/v2\/users\/2"}],"replies":[{"embeddable":true,"href":"https:\/\/centers.ulbsibiu.ro\/ccsprise\/lact\/wp-json\/wp\/v2\/comments?post=5170"}],"version-history":[{"count":1,"href":"https:\/\/centers.ulbsibiu.ro\/ccsprise\/lact\/wp-json\/wp\/v2\/posts\/5170\/revisions"}],"predecessor-version":[{"id":5171,"href":"https:\/\/centers.ulbsibiu.ro\/ccsprise\/lact\/wp-json\/wp\/v2\/posts\/5170\/revisions\/5171"}],"wp:attachment":[{"href":"https:\/\/centers.ulbsibiu.ro\/ccsprise\/lact\/wp-json\/wp\/v2\/media?parent=5170"}],"wp:term":[{"taxonomy":"category","embeddable":true,"href":"https:\/\/centers.ulbsibiu.ro\/ccsprise\/lact\/wp-json\/wp\/v2\/categories?post=5170"},{"taxonomy":"post_tag","embeddable":true,"href":"https:\/\/centers.ulbsibiu.ro\/ccsprise\/lact\/wp-json\/wp\/v2\/tags?post=5170"}],"curies":[{"name":"wp","href":"https:\/\/api.w.org\/{rel}","templated":true}]}}