{"id":5166,"date":"2018-07-20T18:12:24","date_gmt":"2018-07-20T16:12:24","guid":{"rendered":"https:\/\/centers.ulbsibiu.ro\/ccsprise\/lact\/?p=5166"},"modified":"2020-06-12T12:45:12","modified_gmt":"2020-06-12T10:45:12","slug":"europalibera-org-andrei-deviatkov-kozak-este-mai-degraba-un-manager-de-criza","status":"publish","type":"post","link":"https:\/\/centers.ulbsibiu.ro\/ccsprise\/lact\/europalibera-org-andrei-deviatkov-kozak-este-mai-degraba-un-manager-de-criza\/","title":{"rendered":"Europalibera.org &#8211; Andrei Deviatkov: \u201eKozak este mai degrab\u0103 un manager de criz\u0103\u201d"},"content":{"rendered":"<ul class=\"links__list links__list--column\">\n<li class=\"links__item\"><a class=\"links__item-link\" title=\"Liliana Barb\u0103ro\u0219ie\" href=\"https:\/\/www.europalibera.org\/author\/20469.html\">Liliana Barb\u0103ro\u0219ie<\/a><\/li>\n<\/ul>\n<div class=\"intro intro--bold\">\n<p>\u00cen opinia expertului de la Moscova, misiunea noului emisar al Kremlinului este \u201es\u0103 asigure o stabilitate \u00een regiune, a\u015fa cum \u015fi-o imagineaz\u0103 Rusia, dar f\u0103r\u0103 alte planuri m\u0103re\u0163e\u201d.<\/p>\n<\/div>\n<div id=\"article-content\" class=\"content-floated-wrap fb-quotable\">\n<div class=\"wsw\">\n<p><em>\u00cen timp ce o parte a opozi\u0163iei \u015fi a observatorilor au spus zilele acestea c\u0103 numirea lui Dmitri Kozak ca reprezentant special al pre\u015fedintelui rus pentru rela\u0163iile comerciale cu R. Moldova ar fi o \u00eencercare a Rusiei de a t\u00e2r\u00ee R. Moldova \u00eentr-un nou plan rusesc de federalizare, pre\u015fedintele Parlamentului de la Chi\u015fin\u0103u, Adrian Candu, a calificat gestul drept \u201eo m\u00e2n\u0103 \u00eentins\u0103\u201d Chi\u015fin\u0103ului de c\u0103tre Kremlin. Dup\u0103 aceste declara\u0163ii a devenit clar c\u0103 guvernan\u0163ii nu au de g\u00e2nd s\u0103 se opun\u0103 acestei numiri, a\u015fa cum le sugerau recent unii anali\u015fti. \u00centr-un interviu la Europa Liber\u0103, Liliana Barb\u0103ro\u015fie l-a \u00eentrebat pe analistul rus, Andrei Deviatkov, dac\u0103 se pot deslu\u015fi clar sarcina \u015fi strategia noului emisar numit de Kremlin. <\/em><\/p>\n<p><strong>Europa Liber\u0103<\/strong>: <strong>Este sau nu numirea lui Dmitri Kozak o nou\u0103 mi\u015fcare \u00een direc\u0163ia federaliz\u0103rii pe care o promovase acesta la un moment dat?<\/strong><\/p>\n<p><strong>Andrei Deviatkov<\/strong>: \u201eNu. Eu cred c\u0103 Kozak este mai degrab\u0103 un manager de criz\u0103. \u015ei din c\u00e2te mi-am dat seama dintr-un articol din Kommersant despre reac\u0163ia la aceast\u0103 numire a oamenilor din aparatul lui Kozak, el nici m\u0103car nu e prea entuziasmat de noua sarcin\u0103. Adic\u0103, eu cred c\u0103 pur \u015fi simplu e nevoie de un profesionist care s\u0103 administreze o criz\u0103.\u201d<\/p>\n<p><strong>Europa Liber\u0103<\/strong>: <strong>\u015ei ce criz\u0103 anume trebuie dumnealui s\u0103 administreze?<\/strong><\/p>\n<p><strong>Andrei Deviatkov<\/strong>: \u201e\u00cen primul r\u00e2nd cea legat\u0103 de regiunea transnistrean\u0103. P\u00e2n\u0103 acum a existat un anumit status quo, dar anumi\u0163i actori \u00eencearc\u0103 s\u0103 rup\u0103 acest status quo. M\u0103 refer la subminarea Grupului Rus Operativ, dar \u015fi a pacificatorilor. Oric\u00e2t de mult diploma\u0163ii moldoveni nu ar insista c\u0103 divizeaz\u0103 aceste dou\u0103 lucruri, oricum, \u00een fraza urm\u0103toare ei adaug\u0103 c\u0103 opteaz\u0103 pentru schimbarea pacificatorilor printr-un contingent interna\u0163ional poli\u0163ienesc, ceea ce \u00eenseamn\u0103 c\u0103 rolul Rusiei se va reduce substan\u0163ial.\u201d<\/p>\n<p><strong>Europa Liber\u0103<\/strong>: <strong>\u015ei Chi\u015fin\u0103ul, ie\u015find pe platforma ONU, \u00eencearc\u0103 s\u0103 schimbe lucrurile, asta vre\u0163i s\u0103 spune\u0163i?<\/strong><\/p>\n<p><strong>Andrei Deviatkov<\/strong>: \u201eRusia vede c\u0103 \u00eempotriva Grupului Rus Operativ s-a constituit un fel de front comun: rezolu\u0163ii \u00een Congresul SUA, rezolu\u0163ii ale ONU, OSCE\u2026 Chiar dac\u0103 e vorba doar despre ni\u015fte declara\u0163ii, chestiunea cap\u0103t\u0103 o anumit\u0103 pondere politic\u0103.\u201d<\/p>\n<p>Interviul complet:\u00a0<a href=\"https:\/\/www.europalibera.org\/a\/andrei-deviatkov-kozak-este-mai-degrab\u0103-un-manager-de-criz\u0103-\/29376822.html\">https:\/\/www.europalibera.org\/<\/a><\/p>\n<\/div>\n<\/div>\n","protected":false},"excerpt":{"rendered":"<p>Liliana Barb\u0103ro\u0219ie \u00cen opinia expertului de la Moscova, misiunea noului emisar al Kremlinului este \u201es\u0103 asigure o stabilitate \u00een regiune, a\u015fa cum \u015fi-o imagineaz\u0103 Rusia, dar f\u0103r\u0103 alte planuri m\u0103re\u0163e\u201d. \u00cen timp ce o parte a opozi\u0163iei \u015fi a observatorilor au spus zilele acestea c\u0103 numirea lui Dmitri Kozak ca reprezentant special al pre\u015fedintelui rus&#8230;<\/p>\n","protected":false},"author":2,"featured_media":0,"comment_status":"closed","ping_status":"open","sticky":false,"template":"","format":"standard","meta":[],"categories":[1],"tags":[],"_links":{"self":[{"href":"https:\/\/centers.ulbsibiu.ro\/ccsprise\/lact\/wp-json\/wp\/v2\/posts\/5166"}],"collection":[{"href":"https:\/\/centers.ulbsibiu.ro\/ccsprise\/lact\/wp-json\/wp\/v2\/posts"}],"about":[{"href":"https:\/\/centers.ulbsibiu.ro\/ccsprise\/lact\/wp-json\/wp\/v2\/types\/post"}],"author":[{"embeddable":true,"href":"https:\/\/centers.ulbsibiu.ro\/ccsprise\/lact\/wp-json\/wp\/v2\/users\/2"}],"replies":[{"embeddable":true,"href":"https:\/\/centers.ulbsibiu.ro\/ccsprise\/lact\/wp-json\/wp\/v2\/comments?post=5166"}],"version-history":[{"count":1,"href":"https:\/\/centers.ulbsibiu.ro\/ccsprise\/lact\/wp-json\/wp\/v2\/posts\/5166\/revisions"}],"predecessor-version":[{"id":5167,"href":"https:\/\/centers.ulbsibiu.ro\/ccsprise\/lact\/wp-json\/wp\/v2\/posts\/5166\/revisions\/5167"}],"wp:attachment":[{"href":"https:\/\/centers.ulbsibiu.ro\/ccsprise\/lact\/wp-json\/wp\/v2\/media?parent=5166"}],"wp:term":[{"taxonomy":"category","embeddable":true,"href":"https:\/\/centers.ulbsibiu.ro\/ccsprise\/lact\/wp-json\/wp\/v2\/categories?post=5166"},{"taxonomy":"post_tag","embeddable":true,"href":"https:\/\/centers.ulbsibiu.ro\/ccsprise\/lact\/wp-json\/wp\/v2\/tags?post=5166"}],"curies":[{"name":"wp","href":"https:\/\/api.w.org\/{rel}","templated":true}]}}