{"id":5163,"date":"2018-07-19T18:49:02","date_gmt":"2018-07-19T16:49:02","guid":{"rendered":"https:\/\/centers.ulbsibiu.ro\/ccsprise\/lact\/?p=5163"},"modified":"2018-07-19T18:49:02","modified_gmt":"2018-07-19T16:49:02","slug":"deschide-md-candu-despre-reactia-osce-la-provocarile-rusilor-in-transnistria-ceva-e-putred-si-nu-functioneaza","status":"publish","type":"post","link":"https:\/\/centers.ulbsibiu.ro\/ccsprise\/lact\/deschide-md-candu-despre-reactia-osce-la-provocarile-rusilor-in-transnistria-ceva-e-putred-si-nu-functioneaza\/","title":{"rendered":"Deschide.md &#8211; Candu, despre reac\u021bia OSCE la provoc\u0103rile ru\u0219ilor \u00een Transnistria: Ceva e putred \u0219i nu func\u021bioneaz\u0103"},"content":{"rendered":"<p>Author: Vasile Cojocari<\/p>\n<p>\u201eCeva e putred \u0219i nu func\u021bioneaz\u0103 \u00een cadrul OSCE\u201d, afirm\u0103 pre\u0219edintele Parlamentului Andrian Candu cu referire la reac\u0163ia institu\u0163iei men\u0163ionate la deplasarea de acum c\u00e2teva s\u0103pt\u0103m\u00e2ni a blindatelor Federa\u0163iei Ruse pe traseul R\u00e2bni\u021ba \u2013 Tiraspol, decis\u0103 prin \u00eenc\u0103lcarea flagrant\u0103 a Acordului din 1992.<\/p>\n<p>Candu a declarat c\u0103 subiectul privind deplasarea ilegal\u0103 a coloanelor cu blindate ruse prin Zona de Securitate a fost discutat ast\u0103zi \u00een cadrul \u0219edin\u021bei Platformei de consultare \u015fi control parlamentar pentru realizarea politicii de reintegrare a R. Moldova.<\/p>\n<p>\u201eTrebuie s\u0103 constat\u0103m c\u0103 mecanismele de alert\u0103 ale OSCE nu sunt perfecte \u0219i func\u021bioneaz\u0103 chiar cu deficien\u021be \u0219i lucrurile acestea au fost remarcate de c\u0103tre colegii no\u0219tri \u0219i au fost transmise OSCE, pentru c\u0103 ar trebui s\u0103 perfec\u021bioneze mecanismele de alert\u0103, de notificare \u0219i de distribu\u021bie a informa\u021biei\u201d, observ\u0103 \u0219eful legislativului.<\/p>\n<p>Candu admite c\u0103 reprezentan\u021bii OSCE se fac c\u0103 plou\u0103 cu bun\u0103 \u015ftiin\u0163\u0103 atunci c\u00e2nd ru\u0219ii \u00eencalc\u0103 anumite prevederi.<\/p>\n<p>\u201eCeva e putred, ceva nu func\u021bioneaz\u0103 atunci c\u00e2nd exist\u0103 semnale, exist\u0103 constat\u0103ri, exist\u0103 fotografii, imagini video, informa\u021bie clar\u0103 \u0219i reprezentan\u021bii OSCE-ului ori nu v\u0103d, ori nu vor s\u0103 vad\u0103, ori nu \u0219tiu cum s\u0103 transmit\u0103 informa\u021bia \u0219i s\u0103 sesizeze pe to\u021bi cei implica\u021bi \u00een formatul discu\u021biilor\u201d, remarc\u0103 speakerul.<\/p>\n<p>Candu crede c\u0103 trupele ruse de ocupa\u021bie au hot\u0103r\u00e2t s\u0103-\u0219i arate mu\u0219chii dup\u0103 ce cele mai importante organiza\u021bii interna\u021bionale au cerut retragerea lor de pe teritoriul R. Moldova.<\/p>\n<p>\u201eCert este c\u0103 aceste mi\u0219c\u0103ri se datoreaz\u0103 unor evenimente, inclusiv la nivel interna\u021bional. M\u0103 refer la Rezolu\u021bia ONU privind retragerea armatei Rusiei de pe teritoriul R. Moldova, urmat\u0103 de rezolu\u0163iile OSCE \u015fi Congresului american, precum \u0219i Declara\u021bia NATO. \u00cen urma acestora, unii au crezut c\u0103 trebuie s\u0103 ne transmit\u0103 mesaje. Nu este un pericol real. Este un mesaj\u201d, a conchis Candu.<\/p>\n<p>Textul complet:\u00a0<a href=\"https:\/\/deschide.md\/ro\/stiri\/politic\/34195\/Candu-despre-reac\u021bia-OSCE-la-provoc\u0103rile-ru\u0219ilor-\u00een-Transnistria-Ceva-e-putred-\u0219i-nu-func\u021bioneaz\u0103.htm\">https:\/\/deschide.md\/<\/a><\/p>\n","protected":false},"excerpt":{"rendered":"<p>Author: Vasile Cojocari \u201eCeva e putred \u0219i nu func\u021bioneaz\u0103 \u00een cadrul OSCE\u201d, afirm\u0103 pre\u0219edintele Parlamentului Andrian Candu cu referire la reac\u0163ia institu\u0163iei men\u0163ionate la deplasarea de acum c\u00e2teva s\u0103pt\u0103m\u00e2ni a blindatelor Federa\u0163iei Ruse pe traseul R\u00e2bni\u021ba \u2013 Tiraspol, decis\u0103 prin \u00eenc\u0103lcarea flagrant\u0103 a Acordului din 1992. Candu a declarat c\u0103 subiectul privind deplasarea ilegal\u0103 a&#8230;<\/p>\n","protected":false},"author":2,"featured_media":0,"comment_status":"closed","ping_status":"open","sticky":false,"template":"","format":"standard","meta":[],"categories":[1],"tags":[],"_links":{"self":[{"href":"https:\/\/centers.ulbsibiu.ro\/ccsprise\/lact\/wp-json\/wp\/v2\/posts\/5163"}],"collection":[{"href":"https:\/\/centers.ulbsibiu.ro\/ccsprise\/lact\/wp-json\/wp\/v2\/posts"}],"about":[{"href":"https:\/\/centers.ulbsibiu.ro\/ccsprise\/lact\/wp-json\/wp\/v2\/types\/post"}],"author":[{"embeddable":true,"href":"https:\/\/centers.ulbsibiu.ro\/ccsprise\/lact\/wp-json\/wp\/v2\/users\/2"}],"replies":[{"embeddable":true,"href":"https:\/\/centers.ulbsibiu.ro\/ccsprise\/lact\/wp-json\/wp\/v2\/comments?post=5163"}],"version-history":[{"count":1,"href":"https:\/\/centers.ulbsibiu.ro\/ccsprise\/lact\/wp-json\/wp\/v2\/posts\/5163\/revisions"}],"predecessor-version":[{"id":5164,"href":"https:\/\/centers.ulbsibiu.ro\/ccsprise\/lact\/wp-json\/wp\/v2\/posts\/5163\/revisions\/5164"}],"wp:attachment":[{"href":"https:\/\/centers.ulbsibiu.ro\/ccsprise\/lact\/wp-json\/wp\/v2\/media?parent=5163"}],"wp:term":[{"taxonomy":"category","embeddable":true,"href":"https:\/\/centers.ulbsibiu.ro\/ccsprise\/lact\/wp-json\/wp\/v2\/categories?post=5163"},{"taxonomy":"post_tag","embeddable":true,"href":"https:\/\/centers.ulbsibiu.ro\/ccsprise\/lact\/wp-json\/wp\/v2\/tags?post=5163"}],"curies":[{"name":"wp","href":"https:\/\/api.w.org\/{rel}","templated":true}]}}