{"id":5160,"date":"2018-07-19T18:37:48","date_gmt":"2018-07-19T16:37:48","guid":{"rendered":"https:\/\/centers.ulbsibiu.ro\/ccsprise\/lact\/?p=5160"},"modified":"2018-07-19T18:37:48","modified_gmt":"2018-07-19T16:37:48","slug":"moldpres-md-presedintele-parlamentului-a-prezentat-progresele-inregistrate-in-diferendul-transnistrean","status":"publish","type":"post","link":"https:\/\/centers.ulbsibiu.ro\/ccsprise\/lact\/moldpres-md-presedintele-parlamentului-a-prezentat-progresele-inregistrate-in-diferendul-transnistrean\/","title":{"rendered":"Moldpres.md &#8211; Pre\u0219edintele Parlamentului a prezentat progresele \u00eenregistrate \u00een diferendul transnistrean"},"content":{"rendered":"<p>Chi\u015fin\u0103u, 19 iul. \/MOLDPRES\/. Mai multe subiecte privind diferendul transnistrean au fost examinate ast\u0103zi \u00een \u0219edin\u021ba Platformei de consultare \u0219i control parlamentar pentru realizarea politicii de reintegrare a Republicii Moldova, transmite MOLDPRES.<\/p>\n<p>\u00cen cadrul unei conferin\u021be de pres\u0103, pre\u0219edintele Parlamentului, Andrian Candu, a specificat c\u0103, la \u0219edin\u021b\u0103, s-a discutat despre progresele \u00eenregistrate \u00een formatul 5+2, \u00een special cele legate de \u00eenmatricularea mijloacelor de transport auto din regiune.<\/p>\n<p>\u201eA fost o discu\u021bie productiv\u0103 \u0219i de mare interes. Am vorbit despre \u00eenmatricularea mijloacelor de transport auto din regiune \u0219i pl\u0103cu\u021bele neutre. Acest subiect va fi examinat \u0219i \u00een plenul Parlamentului, deoarece exist\u0103 un proiect de lege pentru implementarea memorandumului \u0219i protocolului semnat anterior. Astfel, pentru prima dat\u0103 \u00een cei 25 de ani, o agen\u021bie a Republicii Moldova va avea filiale la Tiraspol \u0219i R\u00e2bni\u021ba.\u00a0Acestea vor folosi baze de date, registru \u0219i mecanismele noastre institu\u021bionale pe teritoriul din st\u00e2nga Nistrului&#8221;, a afirmat Candu.<\/p>\n<p>Oficialul a men\u021bionat c\u0103 un alt subiect discutat a fost accesul fermierilor la terenurile agricole din regiune, precum \u0219i situa\u021bia \u0219colilor cu predare \u00een limba rom\u00e2n\u0103 \u0219i grafie latin\u0103 pe teritoriul regiunii transnistrene. \u201eProgresele \u0219i rezultatele func\u021bion\u0103rii punctului comun de frontier\u0103 cu Ucraina Pervomaisc-Cuciurgan a reprezentat un alt subiect examinat. La fel, am vorbit despre \u00een\u021belegerile avute cu autorit\u0103\u021bile din Ucraina\u00a0privind extinderea punctelor de control comun la frontier\u0103\u201d, a afirmat Andrian Candu.<\/p>\n<p>La \u0219edin\u021ba de ast\u0103zi au participat deputa\u021bi, reprezentan\u021bi ai Biroului politici de reintegrare, Ministerului de Externe, Serviciului de Informa\u021bii \u0219i Securitate, Ministerului Ap\u0103r\u0103rii \u0219i ai altor structuri. Urm\u0103toarea \u0219edin\u021b\u0103 va avea loc la \u00eenceputul lunii septembrie.<\/p>\n<p>(Reporter A. Ciobanu, editor M. Jantovan)<\/p>\n<p>Sursa:\u00a0<a href=\"https:\/\/www.moldpres.md\/news\/2018\/07\/19\/18006329\">https:\/\/www.moldpres.md\/<\/a><\/p>\n","protected":false},"excerpt":{"rendered":"<p>Chi\u015fin\u0103u, 19 iul. \/MOLDPRES\/. Mai multe subiecte privind diferendul transnistrean au fost examinate ast\u0103zi \u00een \u0219edin\u021ba Platformei de consultare \u0219i control parlamentar pentru realizarea politicii de reintegrare a Republicii Moldova, transmite MOLDPRES. \u00cen cadrul unei conferin\u021be de pres\u0103, pre\u0219edintele Parlamentului, Andrian Candu, a specificat c\u0103, la \u0219edin\u021b\u0103, s-a discutat despre progresele \u00eenregistrate \u00een formatul 5+2,&#8230;<\/p>\n","protected":false},"author":2,"featured_media":0,"comment_status":"closed","ping_status":"open","sticky":false,"template":"","format":"standard","meta":[],"categories":[1],"tags":[],"_links":{"self":[{"href":"https:\/\/centers.ulbsibiu.ro\/ccsprise\/lact\/wp-json\/wp\/v2\/posts\/5160"}],"collection":[{"href":"https:\/\/centers.ulbsibiu.ro\/ccsprise\/lact\/wp-json\/wp\/v2\/posts"}],"about":[{"href":"https:\/\/centers.ulbsibiu.ro\/ccsprise\/lact\/wp-json\/wp\/v2\/types\/post"}],"author":[{"embeddable":true,"href":"https:\/\/centers.ulbsibiu.ro\/ccsprise\/lact\/wp-json\/wp\/v2\/users\/2"}],"replies":[{"embeddable":true,"href":"https:\/\/centers.ulbsibiu.ro\/ccsprise\/lact\/wp-json\/wp\/v2\/comments?post=5160"}],"version-history":[{"count":1,"href":"https:\/\/centers.ulbsibiu.ro\/ccsprise\/lact\/wp-json\/wp\/v2\/posts\/5160\/revisions"}],"predecessor-version":[{"id":5161,"href":"https:\/\/centers.ulbsibiu.ro\/ccsprise\/lact\/wp-json\/wp\/v2\/posts\/5160\/revisions\/5161"}],"wp:attachment":[{"href":"https:\/\/centers.ulbsibiu.ro\/ccsprise\/lact\/wp-json\/wp\/v2\/media?parent=5160"}],"wp:term":[{"taxonomy":"category","embeddable":true,"href":"https:\/\/centers.ulbsibiu.ro\/ccsprise\/lact\/wp-json\/wp\/v2\/categories?post=5160"},{"taxonomy":"post_tag","embeddable":true,"href":"https:\/\/centers.ulbsibiu.ro\/ccsprise\/lact\/wp-json\/wp\/v2\/tags?post=5160"}],"curies":[{"name":"wp","href":"https:\/\/api.w.org\/{rel}","templated":true}]}}