{"id":5158,"date":"2018-07-19T18:33:54","date_gmt":"2018-07-19T16:33:54","guid":{"rendered":"https:\/\/centers.ulbsibiu.ro\/ccsprise\/lact\/?p=5158"},"modified":"2018-07-19T18:33:54","modified_gmt":"2018-07-19T16:33:54","slug":"ziarulnational-md-dodon-recunoaste-ca-trupele-militare-rusesti-stationeaza-ilegal-pe-teritoriul-r-moldova-si-reprezinta-un-risc-strategia-nationala-de-aparare-fara-numele-rusiei-in-contextul-inte","status":"publish","type":"post","link":"https:\/\/centers.ulbsibiu.ro\/ccsprise\/lact\/ziarulnational-md-dodon-recunoaste-ca-trupele-militare-rusesti-stationeaza-ilegal-pe-teritoriul-r-moldova-si-reprezinta-un-risc-strategia-nationala-de-aparare-fara-numele-rusiei-in-contextul-inte\/","title":{"rendered":"Ziarulnational.md &#8211; Dodon RECUNOA\u0218TE c\u0103 trupele militare ruse\u0219ti sta\u021bioneaz\u0103 ILEGAL pe teritoriul R. Moldova \u0219i reprezint\u0103 un risc: Strategia Na\u021bional\u0103 de Ap\u0103rare, f\u0103r\u0103 numele Rusiei \u00een contextul intereselor din st\u00e2nga Nistrului, iar despre NATO, cu jum\u0103tate de gur\u0103"},"content":{"rendered":"<p>Parlamentul de la Chi\u0219in\u0103u a aprobat, ast\u0103zi, Strategia Na\u021bional\u0103 de Ap\u0103rare \u0219i Planul de ac\u021biuni privind implementarea acesteia pentru anii 2018-2021, \u00een variant\u0103 modificat\u0103 fa\u021b\u0103 de documentul aprobat la Guvern, la solicitarea pre\u0219edintelui Igor Dodon \u0219i acceptat\u0103 de premierul Pavel Filip.<br \/>\nAstfel, din Strategie aproape c\u0103 lipse\u0219te numele Federa\u021biei Ruse, c\u00e2nd e vorba de interesele acesteia din Transnistria, iar despre cooperarea cu NATO se vorbe\u0219te \u201ecu jum\u0103tate de gur\u0103\u201d, subliniindu-se statutul de neutralitate al R. Moldova.<br \/>\nStrategia arat\u0103 c\u0103 poten\u021bialul militar din regiunea transnistrean\u0103 are \u201eo capacitate opera\u021bional\u0103 considerabil\u0103, care submineaz\u0103 \u0219i amenin\u021b\u0103 integritatea teritorial\u0103 a R. Moldova\u201d, iar trupele militare ruse, GOTR, se afl\u0103 \u00een estul republicii \u201ef\u0103r\u0103 consim\u021b\u0103m\u00e2ntul legal al R. Moldova \u0219i reprezint\u0103 un risc la adresa securit\u0103\u021bii na\u021bionale\u201d, \u00een contextul eventualei escalad\u0103ri a situa\u021biei regionale.<br \/>\nPrintre riscurile la adresa securit\u0103\u021bii na\u021bionale mai este scris c\u0103 \u201ereprezentan\u021bii regimului separatist din regiune (Transnistria) vor promova cu certitudine o politic\u0103 de confruntare cu autorit\u0103\u021bile constitu\u021bionale\u201d. \u201eRespectiva regiune a fost, este \u0219i va fi un instrument de ac\u021biune la \u00eendem\u00e2na actorilor interesa\u021bi pentru a influen\u021ba la nivel decizional \u0219i a crea dificult\u0103\u021bi \u00een realizarea obiectivelor strategice ale R. Moldova\u201d, scrie \u00een document, evit\u00e2ndu-se numele Federa\u021biei Ruse.<br \/>\n\u00cen redac\u021bia aprobat\u0103 de Guvern \u00een toamna anului trecut, lucrurile erau spuse cu mai mult curaj la acest capitol: \u201e\u00cen regiunea de est a Republicii Moldova este prezent un poten\u0163ial militar semnificativ de for\u0163e armate separatiste, sus\u0163inute multilateral din exterior. Totodat\u0103, \u00een regiunea de est sunt prezente forma\u0163iuni militare ale Federa\u0163iei Ruse, sta\u0163ionate pe teritoriul Republicii Moldova contrar Constitu\u0163iei \u0163\u0103rii. For\u0163ele separatiste \u015fi cele str\u0103ine, sta\u0163ionate ilegal \u00een regiunea de est, au o capacitate opera\u0163ional\u0103 considerabil\u0103 (fiind apte s\u0103 constituie oric\u00e2nd o for\u0163\u0103 de interven\u0163ie), ceea ce ar permite regimului de la Tiraspol \u015fi Federa\u0163iei Ruse s\u0103-\u015fi promoveze obiectivele strategice. Sinergia celor dou\u0103 componente poate face acest factor \u015fi mai critic. Aceast\u0103 capacitate militar\u0103 reprezint\u0103 o amenin\u0163are major\u0103 la adresa suveranit\u0103\u0163ii \u015fi integrit\u0103\u0163ii teritoriale a Republicii Moldova\u201d.<br \/>\nAlte riscuri la adresa securit\u0103\u021bii na\u021bionale reprezint\u0103 propaganda informa\u021bional\u0103, atacurile asupra infrastructurii critice, cibernetice, conflictul din Ucraina, traficul de armament, ac\u021biunile teroriste etc.<br \/>\n\u0218i capitolul cu referire la Rom\u00e2nia a suferit schimb\u0103ri. \u00cen varianta aprobat\u0103 de Guvern scria: \u201eRom\u00e2nia va r\u0103m\u00e2ne un partener strategic esen\u0163ial pentru Republica Moldova \u00een toate domeniile, \u00een special prin sprijinul acordat \u00een procesul integr\u0103rii europene. Se estimeaz\u0103 c\u0103 rolul regional al Rom\u00e2niei \u00een bazinul M\u0103rii Negre va cre\u015fte odat\u0103 cu fortificarea prezen\u0163ei NATO pe teritoriul acestei \u0163\u0103ri. De asemenea, cooperarea bilateral\u0103 \u00een domeniul ap\u0103r\u0103rii se va axa pe continuarea procesului de reformare a sistemului na\u0163ional de ap\u0103rare al Republicii Moldova. Toate acestea vor avea loc \u00een temeiul consolid\u0103rii parteneriatului cu structurile euroatlantice \u015fi sus\u0163inerii intereselor Republicii Moldova \u00een cadrul organiza\u0163iilor interna\u0163ionale\u201d.<\/p>\n<p>Textul complet:\u00a0<a href=\"https:\/\/www.ziarulnational.md\/dodon-recunoaste-ca-trupele-militare-rusesti-stationeaza-ilegal-pe-teritoriul-r-moldova-si-reprezinta-un-risc-strategia-nationala-de-aparare-fara-numele-rusiei-in-contextul-intereselor-din-stanga-nistrului-iar-despre-nato-cu-jumatate-de-gura\/\">https:\/\/www.ziarulnational.md\/<\/a><\/p>\n","protected":false},"excerpt":{"rendered":"<p>Parlamentul de la Chi\u0219in\u0103u a aprobat, ast\u0103zi, Strategia Na\u021bional\u0103 de Ap\u0103rare \u0219i Planul de ac\u021biuni privind implementarea acesteia pentru anii 2018-2021, \u00een variant\u0103 modificat\u0103 fa\u021b\u0103 de documentul aprobat la Guvern, la solicitarea pre\u0219edintelui Igor Dodon \u0219i acceptat\u0103 de premierul Pavel Filip. Astfel, din Strategie aproape c\u0103 lipse\u0219te numele Federa\u021biei Ruse, c\u00e2nd e vorba de interesele&#8230;<\/p>\n","protected":false},"author":2,"featured_media":0,"comment_status":"closed","ping_status":"open","sticky":false,"template":"","format":"standard","meta":[],"categories":[1],"tags":[],"_links":{"self":[{"href":"https:\/\/centers.ulbsibiu.ro\/ccsprise\/lact\/wp-json\/wp\/v2\/posts\/5158"}],"collection":[{"href":"https:\/\/centers.ulbsibiu.ro\/ccsprise\/lact\/wp-json\/wp\/v2\/posts"}],"about":[{"href":"https:\/\/centers.ulbsibiu.ro\/ccsprise\/lact\/wp-json\/wp\/v2\/types\/post"}],"author":[{"embeddable":true,"href":"https:\/\/centers.ulbsibiu.ro\/ccsprise\/lact\/wp-json\/wp\/v2\/users\/2"}],"replies":[{"embeddable":true,"href":"https:\/\/centers.ulbsibiu.ro\/ccsprise\/lact\/wp-json\/wp\/v2\/comments?post=5158"}],"version-history":[{"count":1,"href":"https:\/\/centers.ulbsibiu.ro\/ccsprise\/lact\/wp-json\/wp\/v2\/posts\/5158\/revisions"}],"predecessor-version":[{"id":5159,"href":"https:\/\/centers.ulbsibiu.ro\/ccsprise\/lact\/wp-json\/wp\/v2\/posts\/5158\/revisions\/5159"}],"wp:attachment":[{"href":"https:\/\/centers.ulbsibiu.ro\/ccsprise\/lact\/wp-json\/wp\/v2\/media?parent=5158"}],"wp:term":[{"taxonomy":"category","embeddable":true,"href":"https:\/\/centers.ulbsibiu.ro\/ccsprise\/lact\/wp-json\/wp\/v2\/categories?post=5158"},{"taxonomy":"post_tag","embeddable":true,"href":"https:\/\/centers.ulbsibiu.ro\/ccsprise\/lact\/wp-json\/wp\/v2\/tags?post=5158"}],"curies":[{"name":"wp","href":"https:\/\/api.w.org\/{rel}","templated":true}]}}