{"id":5154,"date":"2018-07-18T16:51:42","date_gmt":"2018-07-18T14:51:42","guid":{"rendered":"https:\/\/centers.ulbsibiu.ro\/ccsprise\/lact\/?p=5154"},"modified":"2018-07-18T16:54:09","modified_gmt":"2018-07-18T14:54:09","slug":"timpul-md-subiecte-asemanatoare-vineri-09-03-2018-ora-1839-video-inedit-liderul-separatist-vadim-krasnoselski-se-jura-ca-transnistrenii-nu-sunt-romanofobi-construim-relatii-de","status":"publish","type":"post","link":"https:\/\/centers.ulbsibiu.ro\/ccsprise\/lact\/timpul-md-subiecte-asemanatoare-vineri-09-03-2018-ora-1839-video-inedit-liderul-separatist-vadim-krasnoselski-se-jura-ca-transnistrenii-nu-sunt-romanofobi-construim-relatii-de\/","title":{"rendered":"Timpul.md &#8211; JUSTI\u021aIE DE PAIE: Vadim Krasnoselski a fost acuzat \u00een cel pu\u021bin dou\u0103 dosare penale"},"content":{"rendered":"<p class=\"big\">\u00cen ultimele trei decenii, institu\u021biile de drept din R. Moldova au intentat dosare penale pe numele mai multor a\u0219a-zi\u0219i oficiali din regiunea transnistrean\u0103. \u00cen mare parte, aceste anchete nu au evoluat, iar separati\u0219tii a\u0219teapt\u0103 destul de relaxa\u021bi expirarea termenului de prescrip\u021bie. Unul dintre inculpa\u021bi, \u00een aceste cauze penale, este actualul lider de la Tiraspol, Vadim Krasnoselski.<\/p>\n<p>La 24 aprilie 2006, Prim\u0103ria satului Varni\u021ba din Anenii Noi a re\u00eennoit un semn rutier de la intrarea \u00een localitate, pe care a scris numele localit\u0103\u021bii cu alfabet latin. C\u00e2t ai clipi din ochi, vestea a ajuns \u0219i la urechile lui Vadim Krasnoselski, pe atunci \u0219ef al mili\u021biei din Bender. Sup\u0103rat foc, acest mili\u021bian, care \u0219i-a b\u0103tut joc, \u00een repetate r\u00e2nduri, de lege \u0219i de oameni nevinova\u021bi, dup\u0103 cum arat\u0103 documentele Ministerului de Interne, a mers la fa\u021ba loculului, \u00eenso\u021bit de al\u021bi mili\u021bieni, \u0219i a smuls indicatorul, arunc\u00e2ndu-l \u00een r\u00e2ul B\u00e2cioc. \u00cen consecin\u021b\u0103, actualul lider de la Tiraspol s-a ales cu un dosar penal pentru huliganism, anun\u021ba Procuratura General\u0103 \u00een anul 2007. Faptul c\u0103 Krasnoselski ast\u0103zi nu e arestat \u0219i Dodon \u00ee\u0219i cere scuze de la el n-ar trebui s\u0103 ne mire, deoarece to\u021bi criminalii de peste Nistru au imunitate neoficial\u0103 \u00een fa\u021ba institu\u021biilor de drept de la Chi\u0219in\u0103u.<\/p>\n<h1>Isprava lui Krasnoselski \u0219i a altor peste 600 de mili\u021bieni<\/h1>\n<p>Nelegiuirile actualului lider de la Tiraspol nu au \u00eenceput \u0219i nici nu se sf\u00e2r\u0219esc aici. Cea mai mare teroare la adresa poli\u021bi\u0219tilor din Bender a fost exercitat\u0103 \u00een timpul c\u00e2nd Vadim Krasnoselski conducea mili\u021bia din localitate. C\u00e2teva luni mai t\u00e2rziu, acesta s-a ales cu un nou dosar penal. La 12 ianuarie 2007, fiind deja \u201eministru de interne al rmn\u201d, \u0219i-a luat cu el 500 de mili\u021bieni \u0219i circa 100 de colaboratori din brigada cu destina\u021bie special\u0103 a secesioni\u0219tilor, \u201eDnestr\u201d, s-au echipat cu mijloace speciale \u0219i au blocat traseul Dub\u0103sari-R\u00e2bni\u0163a, l\u00e2ng\u0103 postul de poli\u0163ie \u201eFulger-99\u201d din apropierea satului Cocieri. \u00cen acest dosar, au mai fost \u00eenvinui\u021bi Fiodor Palcinski, \u0219eful mili\u021biei din Dub\u0103sari, Mihail Sm\u00e2nt\u00e2n\u0103, \u0219eful mili\u021biei rutiere din aceea\u0219i localitate, Boris Stromov, \u015feful direc\u0163iei ordine public\u0103 a \u201eministerului\u201d, Constantin Kalinionok, \u0219ef al statului major, Oleg Obrucicov, \u015feful mili\u0163iei din Bender, Iurii Guzenko, \u015feful mili\u0163iei din Grigoriopol, Evgheni Guleac, \u015feful mili\u0163iei criminale din Bender, Anatoli Lupolov, adjunct la sec\u0163ia de mili\u0163ie Dub\u0103sari, Veaceslav Tolmaciov, \u015feful sec\u0163iei mili\u0163iei criminale din Dub\u0103sari, Haralampi Dragu\u0219an, adjunct pe ordinea public\u0103 a mili\u0163iei din Dub\u0103sari, dar \u0219i Oleg Prisacari, \u015feful sec\u0163iei paz\u0103 a raionului. G\u0103l\u0103gie mare \u0219i infrac\u021biune evident\u0103, dar nici unul dintre ace\u0219tia nu a fost tras la r\u0103spundere p\u00e2n\u0103 c\u00e2nd termenul de prescrip\u021bie a expirat.<\/p>\n<p>Am prezentat mai sus doar dou\u0103 cazuri, de\u0219i realmente, pe numele presupuselor autorit\u0103\u021bi de la Tiraspol sunt intentate zeci de dosare. Numai \u00een perioada 2001-2007, au fost pornite peste 40 de cauze penale. Fostul procuror general, Valeriu Gurbulea, spune c\u0103 nu-\u0219i aminte\u0219te de niciun dosar penal \u00een care ar figura actualul lider separatist, chiar dac\u0103 tot el a gestionat mai multe cauze \u00een privin\u021ba oficialilor transnistreni. El confirm\u0103, totu\u0219i, c\u0103 aceste dosare nu au avut finalitate din cauza imposibilit\u0103\u021bii tragerii la r\u0103spundere penal\u0103 a secesioni\u0219tilor.<\/p>\n<p>Textul complet:\u00a0<a href=\"https:\/\/www.timpul.md\/articol\/justiie-de-paie-vadim-krasnoselski-a-fost-acuzat-in-cel-puin-doua-dosare-penale-133143.html\">https:\/\/www.timpul.md\/<\/a><\/p>\n","protected":false},"excerpt":{"rendered":"<p>\u00cen ultimele trei decenii, institu\u021biile de drept din R. Moldova au intentat dosare penale pe numele mai multor a\u0219a-zi\u0219i oficiali din regiunea transnistrean\u0103. \u00cen mare parte, aceste anchete nu au evoluat, iar separati\u0219tii a\u0219teapt\u0103 destul de relaxa\u021bi expirarea termenului de prescrip\u021bie. Unul dintre inculpa\u021bi, \u00een aceste cauze penale, este actualul lider de la Tiraspol, Vadim&#8230;<\/p>\n","protected":false},"author":2,"featured_media":0,"comment_status":"closed","ping_status":"open","sticky":false,"template":"","format":"standard","meta":[],"categories":[1],"tags":[],"_links":{"self":[{"href":"https:\/\/centers.ulbsibiu.ro\/ccsprise\/lact\/wp-json\/wp\/v2\/posts\/5154"}],"collection":[{"href":"https:\/\/centers.ulbsibiu.ro\/ccsprise\/lact\/wp-json\/wp\/v2\/posts"}],"about":[{"href":"https:\/\/centers.ulbsibiu.ro\/ccsprise\/lact\/wp-json\/wp\/v2\/types\/post"}],"author":[{"embeddable":true,"href":"https:\/\/centers.ulbsibiu.ro\/ccsprise\/lact\/wp-json\/wp\/v2\/users\/2"}],"replies":[{"embeddable":true,"href":"https:\/\/centers.ulbsibiu.ro\/ccsprise\/lact\/wp-json\/wp\/v2\/comments?post=5154"}],"version-history":[{"count":3,"href":"https:\/\/centers.ulbsibiu.ro\/ccsprise\/lact\/wp-json\/wp\/v2\/posts\/5154\/revisions"}],"predecessor-version":[{"id":5157,"href":"https:\/\/centers.ulbsibiu.ro\/ccsprise\/lact\/wp-json\/wp\/v2\/posts\/5154\/revisions\/5157"}],"wp:attachment":[{"href":"https:\/\/centers.ulbsibiu.ro\/ccsprise\/lact\/wp-json\/wp\/v2\/media?parent=5154"}],"wp:term":[{"taxonomy":"category","embeddable":true,"href":"https:\/\/centers.ulbsibiu.ro\/ccsprise\/lact\/wp-json\/wp\/v2\/categories?post=5154"},{"taxonomy":"post_tag","embeddable":true,"href":"https:\/\/centers.ulbsibiu.ro\/ccsprise\/lact\/wp-json\/wp\/v2\/tags?post=5154"}],"curies":[{"name":"wp","href":"https:\/\/api.w.org\/{rel}","templated":true}]}}