{"id":5150,"date":"2018-07-17T20:05:40","date_gmt":"2018-07-17T18:05:40","guid":{"rendered":"https:\/\/centers.ulbsibiu.ro\/ccsprise\/lact\/?p=5150"},"modified":"2018-07-17T20:05:40","modified_gmt":"2018-07-17T18:05:40","slug":"europalibera-org-cedo-a-facut-dreptate-pentru-proprietarii-de-terenuri-din-dubasari-si-politistii-din-bender","status":"publish","type":"post","link":"https:\/\/centers.ulbsibiu.ro\/ccsprise\/lact\/europalibera-org-cedo-a-facut-dreptate-pentru-proprietarii-de-terenuri-din-dubasari-si-politistii-din-bender\/","title":{"rendered":"Europalibera.org &#8211; CEDO a f\u0103cut dreptate pentru proprietarii de terenuri din Dub\u0103sari \u015fi poli\u0163i\u015ftii din Bender"},"content":{"rendered":"<ul class=\"links__list links__list--column\">\n<li class=\"links__item\"><a class=\"links__item-link\" title=\"Alla Ceapai\" href=\"https:\/\/www.europalibera.org\/author\/91428.html\">Alla Ceapai<\/a><\/li>\n<\/ul>\n<div class=\"intro intro--bold\">\n<p>Este vorba de peste 1600 de reclaman\u0163i \u00een cel mai complex dosar viz\u00e2nd \u00eenc\u0103lcarea drepturilor omului \u00een regiunea transnistrean\u0103<\/p>\n<\/div>\n<div id=\"article-content\" class=\"content-floated-wrap fb-quotable\">\n<div class=\"wsw\">\n<p><em>Curtea European\u0103 pentru Drepturile Omului (CEDO) a condamnat Federa\u021bia Rus\u0103 pentru \u00eenc\u0103lcarea dreptului la proprietate fermierilor moldoveni din st\u00e2nga Nistrului. \u00cencep\u00e2nd din 2004, administra\u0163ia transnistrean\u0103 le-a \u00eengr\u0103dit accesul fermierilor din satele Cocieri, Doro\u021bcaia, Molovata Nou\u0103 \u0219i P\u00e2r\u00e2ta la p\u0103m\u00e2nturile lor aflate dup\u0103 \u015foseaua R\u00e2bni\u0163a \u2013 Tiraspol.<\/em><\/p>\n<p>Este cel mai complex dosar viz\u00e2nd \u00eenc\u0103lcarea drepturilor omului \u00een regiunea transnistrean\u0103, dosar \u00een care CEDO a condamnat Rusia. Concluzia apar\u0163ine avoca\u0163ilor de la Asocia\u0163ia Promo-LEX, care au reprezentat la \u00cenalta Curte de la Strasbourg interesele a peste 1600 de reclaman\u0163i, inclusiv trei agen\u021bi economici. Este vorba despre acele persoane care au fost \u00eempropriet\u0103rite cu cote de teren aflate peste \u0219oseaua R\u00e2bni\u0163a-Tiraspol. \u00cencep\u00e2nd cu 1998 administra\u0163ia transnistrean\u0103 a instalat ilegal pe acea \u0219osea posturi de control \u00eengreun\u00e2nd accesul proprietarilor la terenurile lor. Iar \u00een 2004, \u021b\u0103ranilor le-a fost interzis \u00een general accesul la terenuri. \u00cen consecin\u021b\u0103, fermierii au suportat pierderi de zeci de milioane de lei. CEDO a confirmat c\u0103 \u00een acest caz a fost \u00eenc\u0103lcat dreptul de proprietate \u015fi de folosin\u021b\u0103 asupra cotelor de teren \u015fi a obligat Rusia s\u0103 achite prejudicii de 2,5 milioane de euro reclaman\u021bilor. Din decizie rezult\u0103 c\u0103 fiecare proprietar ar urma sa fie desp\u0103gubit cu suma de 1500 de euro, iar cele trei companii agricole ar trebui s\u0103 ob\u021bin\u0103 c\u00e2te 5000 de euro fiecare.<\/p>\n<p>Directorul executiv al Asocia\u0163iei Promo-LEX, <strong>Ion Manole<\/strong>, spune c\u0103 CEDO a g\u0103sit vinovat\u0103 Rusia pentru aceste \u00eenc\u0103lc\u0103ri invoc\u00e2nd argumente similare celor din alte dosare \u00een care Rusia a fost condamnat\u0103 pentru \u00eenc\u0103lcarea drepturilor omului \u00een regiunea transnistrean\u0103:<\/p>\n<p>\u201eCurtea a stabilit c\u0103 Federa\u0163ia Rus\u0103 se face responsabil\u0103 tocmai pentru faptul c\u0103 ea are influen\u021b\u0103 asupra regimului de la Tiraspol. Nu pune condi\u0163ii ca drepturile omului s\u0103 fie respectate. Federa\u0163ia Rus\u0103 sus\u0163ine necondi\u0163ionat regimul de la Tiraspol \u015fi se acoper\u0103 cu declara\u0163ii politice \u00een ceea ce prive\u015fte lipsa sa de control \u015fi de influen\u0163\u0103 asupra regimului de la Tiraspol, dar probele noastre au demonstrat c\u0103 Federa\u0163ia Rus\u0103 se face responsabil\u0103 \u015fi de\u0163ine un control asupra acestui regim.\u201d<\/p>\n<p>Curtea European\u0103 a mai constat \u00een decizia sa c\u0103 R. Moldova a ajutat \u00een limita posibilit\u0103\u021bilor fermieri oferindu-le pe parcursul celor 14 ani compensa\u0163ii \u015fi diverse facilit\u0103\u0163i, inclusiv scutiri de impozite. Nu este suficient \u00eens\u0103, crede Ion Manole:<\/p>\n<p>\u201eNiciun prejudiciu, nicio compensa\u0163ie nu poate desp\u0103gubi pierderile reale pe care le suport\u0103 fiecare proprietar. Noi ne dorim ca autorit\u0103\u0163ile noastre s\u0103 vorbeasc\u0103 de fiecare dat\u0103 despre probleme oamenilor. Ne dorim ca programele de sus\u0163inere a \u00eencrederii s\u0103 ating\u0103 \u015fi chiar s\u0103 prioritizeze astfel de probleme care afecteaz\u0103 localit\u0103\u0163i \u00eentregi, nu doar persoane individuale separat.\u201d<\/p>\n<p>Decizia CEDO vine la scurt timp dup\u0103 anun\u0163ul guvernului de la Chi\u0219in\u0103u c\u0103 \u201ea solu\u021bionat\u201d pe 20 de ani problema terenurilor. Fermierii ar urma s\u0103 ob\u0163in\u0103 acces nestingherit la cotele lor \u00eencep\u00e2nd de la 1 august, au convenit \u00een cadrul negocierilor Chi\u015fin\u0103ul \u015fi Tiraspolul. Juristul asocia\u0163iei Promo-LEX <strong>Alexandru Postic\u0103<\/strong> are rezerve c\u0103 noul mecanism solu\u0163ioneaz\u0103 problema:<\/p>\n<p>\u201eChiar dac\u0103 mecanismul va fi instituit \u00eencep\u00e2nd cu 1 august, din sursele noastre doar o mic\u0103 parte au ob\u0163inut acele acorduri, certificate pentru folosirea terenului. De exemplu, primul reclamant \u00een anul 2004 avea circa 600 de hectare de teren, ast\u0103zi are doar 200 de hectare.\u201d<\/p>\n<p>Alexandru Postica a precizat c\u0103 reprezentatul Rusiei la CEDO a votat \u00eempotriva aceste condamn\u0103ri \u015fi c\u0103 decizia poate fi contestat\u0103 \u00een termen de trei luni.<\/p>\n<p>Tot azi Rusia a fost condamnat\u0103 \u00eentr-un alt dosar viz\u00e2nd \u00eenc\u0103lcarea drepturilor omului \u00een regiunea transnistrean\u0103. Drept victime au fost recunoscu\u021bi c\u00e2\u0163iva poli\u0163i\u015fti care au fost aresta\u0163i \u00een 2006 de serviciile secrete ale a\u015fa-zisei Republici Moldovene\u015fti Nistrene \u00een timp ce efectuau o ac\u0163iune de investiga\u0163ie \u00een or. Tiraspol. Curtea a obligat Federa\u0163ia Rus\u0103 s\u0103 ofere reclaman\u0163ilor compensa\u0163ii \u00een m\u0103rime total\u0103 de 90 000 de euro. Unul din avoca\u0163ii care a reprezentat interesele victimelor Alexandru T\u0103nase a spus c\u0103 o vreme Rusia a achitat desp\u0103gubirile dispuse de Curtea European\u0103 chiar dac\u0103 autorit\u0103\u021bile de la Moscova nu \u00ee\u015fi asum\u0103 responsabilitatea pentru \u00eenc\u0103lcarea drepturilor omului \u00een regiunea transnistrean\u0103.<\/p>\n<p>Sursa:\u00a0<a href=\"https:\/\/www.europalibera.org\/a\/cedo-a-f\u0103cut-dreptate-pentru-proprietarii-de-terenuri-din-dub\u0103sari-\u015fi-poli\u0163i\u015ftii-din-bender\/29371813.html\">https:\/\/www.europalibera.org\/<\/a><\/p>\n<\/div>\n<\/div>\n","protected":false},"excerpt":{"rendered":"<p>Alla Ceapai Este vorba de peste 1600 de reclaman\u0163i \u00een cel mai complex dosar viz\u00e2nd \u00eenc\u0103lcarea drepturilor omului \u00een regiunea transnistrean\u0103 Curtea European\u0103 pentru Drepturile Omului (CEDO) a condamnat Federa\u021bia Rus\u0103 pentru \u00eenc\u0103lcarea dreptului la proprietate fermierilor moldoveni din st\u00e2nga Nistrului. \u00cencep\u00e2nd din 2004, administra\u0163ia transnistrean\u0103 le-a \u00eengr\u0103dit accesul fermierilor din satele Cocieri, Doro\u021bcaia, Molovata&#8230;<\/p>\n","protected":false},"author":2,"featured_media":0,"comment_status":"closed","ping_status":"open","sticky":false,"template":"","format":"standard","meta":[],"categories":[1],"tags":[],"_links":{"self":[{"href":"https:\/\/centers.ulbsibiu.ro\/ccsprise\/lact\/wp-json\/wp\/v2\/posts\/5150"}],"collection":[{"href":"https:\/\/centers.ulbsibiu.ro\/ccsprise\/lact\/wp-json\/wp\/v2\/posts"}],"about":[{"href":"https:\/\/centers.ulbsibiu.ro\/ccsprise\/lact\/wp-json\/wp\/v2\/types\/post"}],"author":[{"embeddable":true,"href":"https:\/\/centers.ulbsibiu.ro\/ccsprise\/lact\/wp-json\/wp\/v2\/users\/2"}],"replies":[{"embeddable":true,"href":"https:\/\/centers.ulbsibiu.ro\/ccsprise\/lact\/wp-json\/wp\/v2\/comments?post=5150"}],"version-history":[{"count":1,"href":"https:\/\/centers.ulbsibiu.ro\/ccsprise\/lact\/wp-json\/wp\/v2\/posts\/5150\/revisions"}],"predecessor-version":[{"id":5151,"href":"https:\/\/centers.ulbsibiu.ro\/ccsprise\/lact\/wp-json\/wp\/v2\/posts\/5150\/revisions\/5151"}],"wp:attachment":[{"href":"https:\/\/centers.ulbsibiu.ro\/ccsprise\/lact\/wp-json\/wp\/v2\/media?parent=5150"}],"wp:term":[{"taxonomy":"category","embeddable":true,"href":"https:\/\/centers.ulbsibiu.ro\/ccsprise\/lact\/wp-json\/wp\/v2\/categories?post=5150"},{"taxonomy":"post_tag","embeddable":true,"href":"https:\/\/centers.ulbsibiu.ro\/ccsprise\/lact\/wp-json\/wp\/v2\/tags?post=5150"}],"curies":[{"name":"wp","href":"https:\/\/api.w.org\/{rel}","templated":true}]}}