{"id":5148,"date":"2018-07-17T20:02:26","date_gmt":"2018-07-17T18:02:26","guid":{"rendered":"https:\/\/centers.ulbsibiu.ro\/ccsprise\/lact\/?p=5148"},"modified":"2018-07-17T20:02:26","modified_gmt":"2018-07-17T18:02:26","slug":"infotag-md-liderul-de-la-tiraspol-a-adus-multumiri-fostului-vicepremier-rus-dmitrii-rogozin","status":"publish","type":"post","link":"https:\/\/centers.ulbsibiu.ro\/ccsprise\/lact\/infotag-md-liderul-de-la-tiraspol-a-adus-multumiri-fostului-vicepremier-rus-dmitrii-rogozin\/","title":{"rendered":"Infotag.md &#8211; LIDERUL DE LA TIRASPOL A ADUS MUL\u0162UMIRI FOSTULUI VICEPREMIER RUS DMITRII ROGOZIN"},"content":{"rendered":"<p>Pre\u015fedintele autoproclamatei RMN, Vadim Krasnoselski, a adus mul\u0163umiri fostului vicepremier rus Dmitrii Rogozin pentru \u201emunca de ani de zile \u00een func\u021bia de reprezentant special al pre\u0219edintelui rus pentru Transnistria, pentru eforturile \u00eendreptate spre consolidarea rela\u021biilor ruso-transnistrene, precum \u0219i pentru contribu\u021bia semnificativ\u0103 la men\u021binerea nivelului de trai al cet\u0103\u021benilor ru\u0219i care locuiesc pe teritoriul Transnistriei \u0219i al compatrio\u021bilor\u201d.<\/p>\n<p>\u00cen mesajul liderului de la Tiraspol este exprimat\u0103 \u201e\u00eencrederea c\u0103 determinarea, profesionalismul \u0219i experien\u021ba lui Dmitri Rogozin vor continua s\u0103 serveasc\u0103 intereselor poporului rus\u201d. Rogozin a ocupat func\u0163ia de reprezentant special al pre\u0219edintelui rus timp de aproape \u0219apte ani \u0219i era considerat \u201eun mare prieten al Transnistriei\u201d. \u00cen mai 2018 Rogozin a fost scos din componen\u0163a Guvernului \u0219i din func\u021bia de reprezentant special pentru Transnistria \u0219i a fost numit director general al corpora\u0163iei de stat \u201eRoskosmos\u201d.<\/p>\n<p>Sursa:\u00a0<a href=\"http:\/\/www.infotag.md\/rebelion-ro\/265145\/\">http:\/\/www.infotag.md\/<\/a><\/p>\n","protected":false},"excerpt":{"rendered":"<p>Pre\u015fedintele autoproclamatei RMN, Vadim Krasnoselski, a adus mul\u0163umiri fostului vicepremier rus Dmitrii Rogozin pentru \u201emunca de ani de zile \u00een func\u021bia de reprezentant special al pre\u0219edintelui rus pentru Transnistria, pentru eforturile \u00eendreptate spre consolidarea rela\u021biilor ruso-transnistrene, precum \u0219i pentru contribu\u021bia semnificativ\u0103 la men\u021binerea nivelului de trai al cet\u0103\u021benilor ru\u0219i care locuiesc pe teritoriul Transnistriei \u0219i&#8230;<\/p>\n","protected":false},"author":2,"featured_media":0,"comment_status":"closed","ping_status":"open","sticky":false,"template":"","format":"standard","meta":[],"categories":[1],"tags":[],"_links":{"self":[{"href":"https:\/\/centers.ulbsibiu.ro\/ccsprise\/lact\/wp-json\/wp\/v2\/posts\/5148"}],"collection":[{"href":"https:\/\/centers.ulbsibiu.ro\/ccsprise\/lact\/wp-json\/wp\/v2\/posts"}],"about":[{"href":"https:\/\/centers.ulbsibiu.ro\/ccsprise\/lact\/wp-json\/wp\/v2\/types\/post"}],"author":[{"embeddable":true,"href":"https:\/\/centers.ulbsibiu.ro\/ccsprise\/lact\/wp-json\/wp\/v2\/users\/2"}],"replies":[{"embeddable":true,"href":"https:\/\/centers.ulbsibiu.ro\/ccsprise\/lact\/wp-json\/wp\/v2\/comments?post=5148"}],"version-history":[{"count":1,"href":"https:\/\/centers.ulbsibiu.ro\/ccsprise\/lact\/wp-json\/wp\/v2\/posts\/5148\/revisions"}],"predecessor-version":[{"id":5149,"href":"https:\/\/centers.ulbsibiu.ro\/ccsprise\/lact\/wp-json\/wp\/v2\/posts\/5148\/revisions\/5149"}],"wp:attachment":[{"href":"https:\/\/centers.ulbsibiu.ro\/ccsprise\/lact\/wp-json\/wp\/v2\/media?parent=5148"}],"wp:term":[{"taxonomy":"category","embeddable":true,"href":"https:\/\/centers.ulbsibiu.ro\/ccsprise\/lact\/wp-json\/wp\/v2\/categories?post=5148"},{"taxonomy":"post_tag","embeddable":true,"href":"https:\/\/centers.ulbsibiu.ro\/ccsprise\/lact\/wp-json\/wp\/v2\/tags?post=5148"}],"curies":[{"name":"wp","href":"https:\/\/api.w.org\/{rel}","templated":true}]}}