{"id":5146,"date":"2018-07-17T19:59:05","date_gmt":"2018-07-17T17:59:05","guid":{"rendered":"https:\/\/centers.ulbsibiu.ro\/ccsprise\/lact\/?p=5146"},"modified":"2018-07-17T19:59:05","modified_gmt":"2018-07-17T17:59:05","slug":"sputnik-md-dodon-univoc-despre-cine-trebuie-sa-elaboreze-formula-reglementarii-transnistrene","status":"publish","type":"post","link":"https:\/\/centers.ulbsibiu.ro\/ccsprise\/lact\/sputnik-md-dodon-univoc-despre-cine-trebuie-sa-elaboreze-formula-reglementarii-transnistrene\/","title":{"rendered":"Sputnik.md &#8211; Dodon, univoc, despre cine trebuie s\u0103 elaboreze formula reglement\u0103rii transnistrene"},"content":{"rendered":"<div>\n<p>Din 2003, anul \u00een care solu\u021bionarea diferendului p\u0103rea mai real\u0103 dec\u00e2t oric\u00e2nd, multe lucruri s-au schimbat. Planul pus atunci \u00een discu\u021bie, dar respins de Chi\u0219in\u0103u \u00een ceasul al doisprezecelea, a fost supranumit \u201dMemorandumul Kozak\u201d.<\/p>\n<\/div>\n<div>\n<div>\n<div><\/div>\n<\/div>\n<p>CHI\u0218IN\u0102U, 17 iul\u00a0\u2014 Sputnik. Pre\u0219edintele Republicii Moldova, Igor Dodon, vorbind despre \u00eent\u00e2lnirea sa cu Dmitri KozaK, numit recent de Vladimir Putin \u00een calitate de reprezentant special pentru dezvoltarea rela\u021biilor economice \u0219i comerciale cu Republica Moldova, a subliniat c\u0103 problema transnistrean\u0103 a fost abordat\u0103, nu \u0219i algoritmul reglement\u0103rii.\u201dConsider c\u0103 anul 2003 a fost cel \u00een care eram gata s\u0103 solu\u021bion\u0103m problema transnistrean\u0103. Nu voi intra \u00een detalii, nu am fost printre participan\u021bii la tratative. Mai este actual acel model? Cred c\u0103 lucrurile au evoluat mult, \u0219i \u00een Moldova \u0219i \u00een regiune\u201d.<\/p>\n<p>C\u00e2t prive\u0219te \u00eentrebarea cine trebuie s\u0103 propun\u0103 formula reglement\u0103rii, Dodon a fost extrem de explicit.<\/p>\n<p>\u201dModelul trebuie s\u0103 fie elaborat la Chi\u0219in\u0103u, discutat \u0219i pus de acord cu Tiraspolul, apoi propus \u00een formatul 5+2. Anume \u00een aceast\u0103 ordine\u201d.<\/p>\n<\/div>\n<p>Read more: <a href=\"https:\/\/ro.sputnik.md\/moldova\/20180717\/20615154\/dodon-reglementarea-transnistreana-plan-elaborare.html\">https:\/\/ro.sputnik.md\/moldova\/20180717\/20615154\/dodon-reglementarea-transnistreana-plan-elaborare.html<\/a><\/p>\n","protected":false},"excerpt":{"rendered":"<p>Din 2003, anul \u00een care solu\u021bionarea diferendului p\u0103rea mai real\u0103 dec\u00e2t oric\u00e2nd, multe lucruri s-au schimbat. Planul pus atunci \u00een discu\u021bie, dar respins de Chi\u0219in\u0103u \u00een ceasul al doisprezecelea, a fost supranumit \u201dMemorandumul Kozak\u201d. CHI\u0218IN\u0102U, 17 iul\u00a0\u2014 Sputnik. Pre\u0219edintele Republicii Moldova, Igor Dodon, vorbind despre \u00eent\u00e2lnirea sa cu Dmitri KozaK, numit recent de Vladimir Putin&#8230;<\/p>\n","protected":false},"author":2,"featured_media":0,"comment_status":"closed","ping_status":"open","sticky":false,"template":"","format":"standard","meta":[],"categories":[1],"tags":[],"_links":{"self":[{"href":"https:\/\/centers.ulbsibiu.ro\/ccsprise\/lact\/wp-json\/wp\/v2\/posts\/5146"}],"collection":[{"href":"https:\/\/centers.ulbsibiu.ro\/ccsprise\/lact\/wp-json\/wp\/v2\/posts"}],"about":[{"href":"https:\/\/centers.ulbsibiu.ro\/ccsprise\/lact\/wp-json\/wp\/v2\/types\/post"}],"author":[{"embeddable":true,"href":"https:\/\/centers.ulbsibiu.ro\/ccsprise\/lact\/wp-json\/wp\/v2\/users\/2"}],"replies":[{"embeddable":true,"href":"https:\/\/centers.ulbsibiu.ro\/ccsprise\/lact\/wp-json\/wp\/v2\/comments?post=5146"}],"version-history":[{"count":1,"href":"https:\/\/centers.ulbsibiu.ro\/ccsprise\/lact\/wp-json\/wp\/v2\/posts\/5146\/revisions"}],"predecessor-version":[{"id":5147,"href":"https:\/\/centers.ulbsibiu.ro\/ccsprise\/lact\/wp-json\/wp\/v2\/posts\/5146\/revisions\/5147"}],"wp:attachment":[{"href":"https:\/\/centers.ulbsibiu.ro\/ccsprise\/lact\/wp-json\/wp\/v2\/media?parent=5146"}],"wp:term":[{"taxonomy":"category","embeddable":true,"href":"https:\/\/centers.ulbsibiu.ro\/ccsprise\/lact\/wp-json\/wp\/v2\/categories?post=5146"},{"taxonomy":"post_tag","embeddable":true,"href":"https:\/\/centers.ulbsibiu.ro\/ccsprise\/lact\/wp-json\/wp\/v2\/tags?post=5146"}],"curies":[{"name":"wp","href":"https:\/\/api.w.org\/{rel}","templated":true}]}}