{"id":5139,"date":"2018-07-16T20:29:25","date_gmt":"2018-07-16T18:29:25","guid":{"rendered":"https:\/\/centers.ulbsibiu.ro\/ccsprise\/lact\/?p=5139"},"modified":"2020-06-12T12:15:35","modified_gmt":"2020-06-12T10:15:35","slug":"cotidianul-md-interviu-dan-dungaciu-chisinaul-a-legitimat-la-onu-prezenta-trupelor-ruse-pe-teritoriul-sau","status":"publish","type":"post","link":"https:\/\/centers.ulbsibiu.ro\/ccsprise\/lact\/cotidianul-md-interviu-dan-dungaciu-chisinaul-a-legitimat-la-onu-prezenta-trupelor-ruse-pe-teritoriul-sau\/","title":{"rendered":"Cotidianul.md &#8211; INTERVIU\/\/Dan Dungaciu: \u201eChi\u0219in\u0103ul a legitimat la ONU prezen\u021ba trupelor ruse pe teritoriul s\u0103u\u201d"},"content":{"rendered":"<p><strong>Cotidianul<\/strong>: Domnule Dungaciu, a\u021bi afirmat \u00een ultimul material publicat de LARICS c\u0103 prin Rezolu\u021bia ONU a fost legalizat\u0103 prezen\u021ba trupelor ruse \u00een Republica Moldova. La ce v\u0103 refera\u021bi?<\/p>\n<p><strong>Dan Dungaciu<\/strong>: Rezolu\u021bia ONU din 13 iunie 2018 este un document extrem de problematic. Aparent, e un mare succes diplomatic. \u00cen realitate, e o capcan\u0103. Pe bun\u0103 dreptate exper\u021bii de la Chi\u0219in\u0103u au spus despre el c\u0103 are c\u00e2teva defec\u021biuni majore. \u00cen primul r\u00e2nd, denumirea rezolu\u021biei nu face nicio referire la trupele ruse, folosind formula edulcorat\u0103 \u201efor\u021be militare str\u0103ine\u201d. Titlul rezolu\u021biei este \u201eComplete and unconditional withdrawal of foreign military forces from the territory of the Republic of Moldova\u201d. \u00cen al doilea r\u00e2nd nu prevede niciun termen pentru retragerea trupelor \u0219i a muni\u021biilor, deci nu are, practic, valoare concret\u0103 de \u00eentrebuin\u021bare.<\/p>\n<p>Dincolo de toate acestea ceea ce e cel mai grav din punctul meu de vedere este discrepan\u021ba dintre titlu \u0219i con\u021binut. Mult\u0103 lume, cu \u0219tiin\u021b\u0103 sau f\u0103r\u0103, citeaz\u0103 doar titlul Rezolu\u021biei iar cine nu cunoa\u0219te con\u021binutul este indus \u00een eroare. De fapt nu e vorba despre retragerea \u201ecomplet\u0103 \u0219i necondi\u021bionat\u0103\u201d a trupelor ruse, ci, conform Rezolu\u021biei, este vorba doar despre retragerea trupelor din a\u0219a zisul Grup Operativ al Federa\u021biei Ruse \u0219i a muni\u021biilor de pe teritoriul Republicii Moldova. \u0218i at\u00e2t! Deci nu este vorba despre a\u0219a zi\u0219i pacificatori, a doua \u201ecategorie\u201d de trupe ruse prezente pe teritoriul R. Moldova, la care rezolu\u021bia nu se refer\u0103 \u0219i nici nu \u00eei cere Moscovei s\u0103 \u00eei retrag\u0103 (\u201eUrges the Russian Federation to complete, unconditionally and without further delay, the orderly withdrawal of the Operational Group of Russian Forces and its armaments from the territory of the Republic of Moldova\u201d).<\/p>\n<p>Acest lucru este explicit \u00een Rezolu\u021bia ONU, iar oficialii de la Chi\u0219in\u0103u au subliniat asta, ap\u0103sat, de fiecare dat\u0103, respectiv c\u0103 rezolu\u021bia se refer\u0103 strict la trupele din GOFR. Nu avem de-a face a\u0219adar cu retragerea trupelor ruse.<br \/>\nDespre asta e vorba, aici e manipularea.<\/p>\n<p>Interviul complet la\u00a0<a href=\"https:\/\/cotidianul.md\/politic\/interviu-dan-dungaciu-chisinaul-a-legitimat-la-onu-prezenta-trupelor-ruse-pe-teritoriul-sau\/\">https:\/\/cotidianul.md\/<\/a><\/p>\n","protected":false},"excerpt":{"rendered":"<p>Cotidianul: Domnule Dungaciu, a\u021bi afirmat \u00een ultimul material publicat de LARICS c\u0103 prin Rezolu\u021bia ONU a fost legalizat\u0103 prezen\u021ba trupelor ruse \u00een Republica Moldova. La ce v\u0103 refera\u021bi? Dan Dungaciu: Rezolu\u021bia ONU din 13 iunie 2018 este un document extrem de problematic. Aparent, e un mare succes diplomatic. \u00cen realitate, e o capcan\u0103. Pe bun\u0103&#8230;<\/p>\n","protected":false},"author":2,"featured_media":0,"comment_status":"closed","ping_status":"open","sticky":false,"template":"","format":"standard","meta":[],"categories":[1],"tags":[],"_links":{"self":[{"href":"https:\/\/centers.ulbsibiu.ro\/ccsprise\/lact\/wp-json\/wp\/v2\/posts\/5139"}],"collection":[{"href":"https:\/\/centers.ulbsibiu.ro\/ccsprise\/lact\/wp-json\/wp\/v2\/posts"}],"about":[{"href":"https:\/\/centers.ulbsibiu.ro\/ccsprise\/lact\/wp-json\/wp\/v2\/types\/post"}],"author":[{"embeddable":true,"href":"https:\/\/centers.ulbsibiu.ro\/ccsprise\/lact\/wp-json\/wp\/v2\/users\/2"}],"replies":[{"embeddable":true,"href":"https:\/\/centers.ulbsibiu.ro\/ccsprise\/lact\/wp-json\/wp\/v2\/comments?post=5139"}],"version-history":[{"count":1,"href":"https:\/\/centers.ulbsibiu.ro\/ccsprise\/lact\/wp-json\/wp\/v2\/posts\/5139\/revisions"}],"predecessor-version":[{"id":5140,"href":"https:\/\/centers.ulbsibiu.ro\/ccsprise\/lact\/wp-json\/wp\/v2\/posts\/5139\/revisions\/5140"}],"wp:attachment":[{"href":"https:\/\/centers.ulbsibiu.ro\/ccsprise\/lact\/wp-json\/wp\/v2\/media?parent=5139"}],"wp:term":[{"taxonomy":"category","embeddable":true,"href":"https:\/\/centers.ulbsibiu.ro\/ccsprise\/lact\/wp-json\/wp\/v2\/categories?post=5139"},{"taxonomy":"post_tag","embeddable":true,"href":"https:\/\/centers.ulbsibiu.ro\/ccsprise\/lact\/wp-json\/wp\/v2\/tags?post=5139"}],"curies":[{"name":"wp","href":"https:\/\/api.w.org\/{rel}","templated":true}]}}