{"id":5135,"date":"2018-07-13T18:55:26","date_gmt":"2018-07-13T16:55:26","guid":{"rendered":"https:\/\/centers.ulbsibiu.ro\/ccsprise\/lact\/?p=5135"},"modified":"2020-06-12T12:40:30","modified_gmt":"2020-06-12T10:40:30","slug":"europalibera-org-eugen-carpov-e-un-joc-deja-bine-regizat-intre-tiraspol-si-moscova","status":"publish","type":"post","link":"https:\/\/centers.ulbsibiu.ro\/ccsprise\/lact\/europalibera-org-eugen-carpov-e-un-joc-deja-bine-regizat-intre-tiraspol-si-moscova\/","title":{"rendered":"Europalibera.org &#8211; Eugen Carpov: \u201eE un joc deja bine regizat \u00eentre Tiraspol \u0219i Moscova\u201d"},"content":{"rendered":"<ul class=\"links__list links__list--column\">\n<li class=\"links__item\"><a class=\"links__item-link\" title=\"Valentina Ursu\" href=\"https:\/\/www.europalibera.org\/author\/20537.html\">Valentina Ursu<\/a><\/li>\n<\/ul>\n<div class=\"intro intro--bold\">\n<p>Fostul vicepremier pentru reintegrare despre rezolu\u021biile privind retragerea trupelor ruse din Moldova<\/p>\n<\/div>\n<div id=\"article-content\" class=\"content-floated-wrap fb-quotable\">\n<div class=\"wsw\">\n<p><em>NATO cere Rusiei s\u0103 \u00ee\u015fi retrag\u0103 trupele din estul Republicii Moldova. Iar la finele lunii iunie, Adunarea General\u0103 a ONU a adoptat o rezolu\u021bie, cer\u00e2ndu-i Moscovei s\u0103 \u00eencheie c\u00e2t mai repede \u015fi necondi\u021bionat acest proces. \u0218i Adunarea Parlamentar\u0103 a Organiza\u021biei pentru Securitate \u0219i Cooperare \u00een Europa (AP OSCE) a reafirmat necesitatea retragerii complete a for\u021belor armate str\u0103ine de pe teritoriul Republicii Moldova \u0219i transformarea actualei misiuni de men\u021binere a p\u0103cii din regiunea transnistrean\u0103 \u00een una civil\u0103 cu mandat interna\u021bional. Poate Occidentul sili Rusia s\u0103 pun\u0103 \u00een aplicare o solu\u021bie pentru Transnistria? Valentina Ursu l-a \u00eentrebat pe deputatul Eugen Carpov, fost negociator din partea Chi\u0219in\u0103ului pentru reglementarea transnistrean\u0103.<\/em><\/p>\n<p><span style=\"display: inline !important; float: none; background-color: transparent; color: #1f2124; font-family: 'Skolar-Light_Cyr-Ltn',Georgia,Times,'Times New Roman',serif; font-size: 18px; font-style: normal; font-variant: normal; font-weight: bold; letter-spacing: normal; orphans: 2; text-align: left; text-decoration: none; text-indent: 0px; text-transform: none; -webkit-text-stroke-width: 0px; white-space: normal; word-spacing: 0px;\">Europa Liber\u0103: Reac\u021bie dup\u0103 reac\u021bie, rezolu\u021bie dup\u0103 rezolu\u021bie referitor la evacuarea trupelor ruse\u0219ti din st\u00e2nga Nistrului \u0219i de la tribuna \u00eenalt\u0103 a Organiza\u021biei Na\u021biunilor Unite \u0219i Adunarea Parlamentar\u0103 a OSCE, mai nou, \u00een premier\u0103, \u0219i Alian\u021ba Nord-Atlantic\u0103 \u00eei cer Rusiei s\u0103-\u0219i retrag\u0103 armata. Reac\u021bia Rusiei r\u0103m\u00e2ne a fi una boln\u0103vicioas\u0103. Cu ce se vor \u00eencununa aceste eforturi pe care le face Moldova pentru a ob\u021bine aceast\u0103 evacuare?<\/span><\/p>\n<p><b><span style=\"color: #1f2124; font-size: large;\">Eugen Carpov: <\/span><\/b><span style=\"display: inline !important; float: none; background-color: transparent; color: #1f2124; font-family: 'Skolar-Light_Cyr-Ltn',Georgia,Times,'Times New Roman',serif; font-size: 18px; font-style: normal; font-variant: normal; font-weight: 400; letter-spacing: normal; orphans: 2; text-align: left; text-decoration: none; text-indent: 0px; text-transform: none; -webkit-text-stroke-width: 0px; white-space: normal; word-spacing: 0px;\">\u201eDa, vedem o concentrare a eforturilor \u2013 cum spune\u021bi Dvs. \u2013 din partea, \u00een primul r\u00e2nd, a comunit\u0103\u021bii interna\u021bionale. Sigur c\u0103 nu f\u0103r\u0103 ac\u021biuni din partea Republicii Moldova, care men\u021bine presiunea pe subiectul retragerii trupelor \u00een cadrul tuturor institu\u021biilor interna\u021bionale. Este \u0219i firesc, normal. Eu cred c\u0103 este, practic, unul din pu\u021binele subiecte care nu este influen\u021bat de evolu\u021biile politice din Republica Moldova sau nici reac\u021biile partenerilor interna\u021bionali nu sunt influen\u021bate atunci c\u00e2nd se discut\u0103 despre retragerea trupelor \u0219i reglementarea conflictului transnistrean nu sunt influen\u021bate de eventuale evolu\u021bii interne din Republica Moldova. Acum, poate, dintr-o parte este o coinciden\u021b\u0103 de perioade de timp c\u00e2nd \u0219i Adunarea Parlamentar\u0103 a OSCE, \u0219i NATO au avut reuniunile corespunz\u0103toare \u0219i care au oferit o platform\u0103 pentru ca asemenea declara\u021bii, decizii s\u0103 fie adoptate. Pe l\u00e2ng\u0103 asta, efortul \u00een raport cu Statele Unite a fost mai mult al Republicii Moldova atunci c\u00e2nd \u0219i Ministerul de Externe, alte structuri au fost implicate pentru a ob\u021bine \u0219i a promova o asemenea rezolu\u021bie. ONU la fel a fost un efort mai vechi al structurilor responsabile de Republica Moldova; a fost o prim\u0103 ini\u021biativ\u0103 care a fost retras\u0103. Ini\u021biativa de a discuta subiectul retragerii pe agenda ONU, da, a fost retras\u0103 de c\u0103tre Republica Moldova \u0219i cred c\u0103 a fost bine, pentru c\u0103 atunci s-a constatat c\u0103 nu a existat real un num\u0103r suficient de state care s\u0103 sprijine o asemenea rezolu\u021bie, dar ulterior s-a revenit \u0219i am avut un succes.\u201d<\/span><\/p>\n<p>Continuarea la\u00a0<a href=\"https:\/\/www.europalibera.org\/a\/eugen-carpov-e-un-joc-deja-bine-regizat-\u00eentre-tiraspol-\u0219i-moscova-\/29360603.html\">https:\/\/www.europalibera.org\/<\/a><\/p>\n<\/div>\n<\/div>\n","protected":false},"excerpt":{"rendered":"<p>Valentina Ursu Fostul vicepremier pentru reintegrare despre rezolu\u021biile privind retragerea trupelor ruse din Moldova NATO cere Rusiei s\u0103 \u00ee\u015fi retrag\u0103 trupele din estul Republicii Moldova. Iar la finele lunii iunie, Adunarea General\u0103 a ONU a adoptat o rezolu\u021bie, cer\u00e2ndu-i Moscovei s\u0103 \u00eencheie c\u00e2t mai repede \u015fi necondi\u021bionat acest proces. \u0218i Adunarea Parlamentar\u0103 a Organiza\u021biei pentru&#8230;<\/p>\n","protected":false},"author":2,"featured_media":0,"comment_status":"closed","ping_status":"open","sticky":false,"template":"","format":"standard","meta":[],"categories":[1],"tags":[],"_links":{"self":[{"href":"https:\/\/centers.ulbsibiu.ro\/ccsprise\/lact\/wp-json\/wp\/v2\/posts\/5135"}],"collection":[{"href":"https:\/\/centers.ulbsibiu.ro\/ccsprise\/lact\/wp-json\/wp\/v2\/posts"}],"about":[{"href":"https:\/\/centers.ulbsibiu.ro\/ccsprise\/lact\/wp-json\/wp\/v2\/types\/post"}],"author":[{"embeddable":true,"href":"https:\/\/centers.ulbsibiu.ro\/ccsprise\/lact\/wp-json\/wp\/v2\/users\/2"}],"replies":[{"embeddable":true,"href":"https:\/\/centers.ulbsibiu.ro\/ccsprise\/lact\/wp-json\/wp\/v2\/comments?post=5135"}],"version-history":[{"count":1,"href":"https:\/\/centers.ulbsibiu.ro\/ccsprise\/lact\/wp-json\/wp\/v2\/posts\/5135\/revisions"}],"predecessor-version":[{"id":5136,"href":"https:\/\/centers.ulbsibiu.ro\/ccsprise\/lact\/wp-json\/wp\/v2\/posts\/5135\/revisions\/5136"}],"wp:attachment":[{"href":"https:\/\/centers.ulbsibiu.ro\/ccsprise\/lact\/wp-json\/wp\/v2\/media?parent=5135"}],"wp:term":[{"taxonomy":"category","embeddable":true,"href":"https:\/\/centers.ulbsibiu.ro\/ccsprise\/lact\/wp-json\/wp\/v2\/categories?post=5135"},{"taxonomy":"post_tag","embeddable":true,"href":"https:\/\/centers.ulbsibiu.ro\/ccsprise\/lact\/wp-json\/wp\/v2\/tags?post=5135"}],"curies":[{"name":"wp","href":"https:\/\/api.w.org\/{rel}","templated":true}]}}