{"id":5129,"date":"2018-07-13T18:47:21","date_gmt":"2018-07-13T16:47:21","guid":{"rendered":"https:\/\/centers.ulbsibiu.ro\/ccsprise\/lact\/?p=5129"},"modified":"2018-07-13T18:47:21","modified_gmt":"2018-07-13T16:47:21","slug":"gov-md-delegatia-republicii-moldova-in-comisia-unificata-de-control-a-fost-suplinita-cu-un-nou-expert","status":"publish","type":"post","link":"https:\/\/centers.ulbsibiu.ro\/ccsprise\/lact\/gov-md-delegatia-republicii-moldova-in-comisia-unificata-de-control-a-fost-suplinita-cu-un-nou-expert\/","title":{"rendered":"Gov.md &#8211; Delega\u021bia Republicii Moldova \u00een Comisia Unificat\u0103 de Control a fost suplinit\u0103 cu un nou expert"},"content":{"rendered":"<p>Sub pre\u0219edin\u021bia delega\u021biei Republicii Moldova, la 12 iulie 2018 \u00een or. Bender s-a desf\u0103\u0219urat \u0219edin\u021ba Comisiei Unificate de Control, care conform agendei de lucru a dezb\u0103tut 2 subiecte.<\/p>\n<p>La propunerea delega\u021biei Chi\u0219in\u0103ului, CUC la aprobat \u00een func\u021bia de observator militar pe locotenent-colonelul Ion Epure \u0219i expert cu statut permanent, pe dl Viorel Cern\u0103u\u021beanu, din cadrul Biroului politici de reintegrare al Cancelariei de Stat al Republicii Moldova.<\/p>\n<p>Colonelul Vitalii Morozov, \u0219eful Statului Major al For\u021belor Mixte de Pacificare a\u00a0 raportat situa\u021bia pe parcursul s\u0103pt\u0103m\u00e2nei trecute din Zona de Securitate, care a fost recunoscut\u0103 stabil\u0103, ca urmare a monitoriz\u0103rii efectuate de c\u0103tre Comandamentul Militar \u00centrunit.<\/p>\n<p>\u00cen cadrul \u0219edin\u021bei neordinare a Comisiei, condus\u0103 de copre\u0219edintele din partea Federa\u0163iei Ruse Ilia Uvarov, s-a examinat problema privind asigurarea securit\u0103\u021bii \u0219i liberei circula\u021bii \u00een preajma podului peste r. Nistru, \u00eentre localit\u0103\u021bile Gura B\u00e2cului \u0219i B\u00e2cioc. Discu\u021biile au avut loc \u00een contextul propunerilor rezonabile oferite de delega\u021bia rus\u0103 pe 28 iunie 2018, care \u00een urma examin\u0103rii prealabile de c\u0103tre delega\u021bii, reprezentan\u021bilor Ucrainei \u0219i Misiunii OSCE \u00een Republica Moldova au fost practic acceptate de majoritatea delega\u021biilor, cu excep\u021bia celei transnistrene, care a l\u0103sat f\u0103r\u0103 comentarii propunerile omologilor ru\u0219i.<\/p>\n<p>Exponen\u021bii Tiraspolului \u00een cadrul dezbaterilor tensionate, au confirmat faptul c\u0103 au recurs la fortificarea infrastructurii postului structurilor sale de for\u021b\u0103 din preajma s. B\u00e2cioc, chiar \u00een ajunul zilei, c\u00e2nd urma s\u0103 fie redeschis\u0103 circula\u021bia pe acest pod. Astfel, \u00een perioada preg\u0103tirilor pentru redeschiderea podului, reprezentan\u021bii transnistreni, f\u0103r\u0103 coordonarea prealabil\u0103 cu CUC, au majorat efectivul de \u201egr\u0103niceri, vame\u015fi \u0219i serviciul migra\u021bional\u201d. Aceste ac\u021biuni unilaterale vin \u00een dezacord cu \u00een\u0163elegerile convenite anterior \u00een cadrul CUC \u015fi reprezint\u0103 o dovad\u0103 cert\u0103 a faptului c\u0103 delega\u021bia transnistrean\u0103, refuz\u0103 s\u0103 respecte regimul Zonei de Securitate \u0219i angajamentele asumate \u00een conformitate cu decizia Comisiei, punctul 1 al Procesului \u2013Verbal nr. 828 din 29 ianuarie 2015-13 ianuarie 2017.<\/p>\n<p>\u00cen lipsa consensului pentru semnarea unei decizii, delega\u021biile au hot\u0103r\u00e2t s\u0103 continue consult\u0103rile pe marginea acestui subiect la urm\u0103toarea \u0219edin\u021b\u0103 a Comisiei pe 19 iulie 2018.<\/p>\n<p><strong>\u00a0<\/strong><\/p>\n<p><strong>Delega\u021bia Republicii Moldova \u00een CUC\u00a0<\/strong><\/p>\n<p>&nbsp;<\/p>\n<p>Sursa:\u00a0<a href=\"https:\/\/gov.md\/ro\/content\/delegatia-republicii-moldova-comisia-unificata-de-control-fost-suplinita-cu-un-nou-expert\">https:\/\/gov.md\/<\/a><\/p>\n","protected":false},"excerpt":{"rendered":"<p>Sub pre\u0219edin\u021bia delega\u021biei Republicii Moldova, la 12 iulie 2018 \u00een or. Bender s-a desf\u0103\u0219urat \u0219edin\u021ba Comisiei Unificate de Control, care conform agendei de lucru a dezb\u0103tut 2 subiecte. La propunerea delega\u021biei Chi\u0219in\u0103ului, CUC la aprobat \u00een func\u021bia de observator militar pe locotenent-colonelul Ion Epure \u0219i expert cu statut permanent, pe dl Viorel Cern\u0103u\u021beanu, din cadrul&#8230;<\/p>\n","protected":false},"author":2,"featured_media":0,"comment_status":"closed","ping_status":"open","sticky":false,"template":"","format":"standard","meta":[],"categories":[1],"tags":[],"_links":{"self":[{"href":"https:\/\/centers.ulbsibiu.ro\/ccsprise\/lact\/wp-json\/wp\/v2\/posts\/5129"}],"collection":[{"href":"https:\/\/centers.ulbsibiu.ro\/ccsprise\/lact\/wp-json\/wp\/v2\/posts"}],"about":[{"href":"https:\/\/centers.ulbsibiu.ro\/ccsprise\/lact\/wp-json\/wp\/v2\/types\/post"}],"author":[{"embeddable":true,"href":"https:\/\/centers.ulbsibiu.ro\/ccsprise\/lact\/wp-json\/wp\/v2\/users\/2"}],"replies":[{"embeddable":true,"href":"https:\/\/centers.ulbsibiu.ro\/ccsprise\/lact\/wp-json\/wp\/v2\/comments?post=5129"}],"version-history":[{"count":1,"href":"https:\/\/centers.ulbsibiu.ro\/ccsprise\/lact\/wp-json\/wp\/v2\/posts\/5129\/revisions"}],"predecessor-version":[{"id":5130,"href":"https:\/\/centers.ulbsibiu.ro\/ccsprise\/lact\/wp-json\/wp\/v2\/posts\/5129\/revisions\/5130"}],"wp:attachment":[{"href":"https:\/\/centers.ulbsibiu.ro\/ccsprise\/lact\/wp-json\/wp\/v2\/media?parent=5129"}],"wp:term":[{"taxonomy":"category","embeddable":true,"href":"https:\/\/centers.ulbsibiu.ro\/ccsprise\/lact\/wp-json\/wp\/v2\/categories?post=5129"},{"taxonomy":"post_tag","embeddable":true,"href":"https:\/\/centers.ulbsibiu.ro\/ccsprise\/lact\/wp-json\/wp\/v2\/tags?post=5129"}],"curies":[{"name":"wp","href":"https:\/\/api.w.org\/{rel}","templated":true}]}}