{"id":5125,"date":"2018-07-12T18:15:41","date_gmt":"2018-07-12T16:15:41","guid":{"rendered":"https:\/\/centers.ulbsibiu.ro\/ccsprise\/lact\/?p=5125"},"modified":"2018-07-12T18:15:41","modified_gmt":"2018-07-12T16:15:41","slug":"gov-md-intrevederea-viceprim-ministrului-cristina-lesnic-cu-ambasadorul-romaniei-in-republica-moldova-daniel-ionita-2","status":"publish","type":"post","link":"https:\/\/centers.ulbsibiu.ro\/ccsprise\/lact\/gov-md-intrevederea-viceprim-ministrului-cristina-lesnic-cu-ambasadorul-romaniei-in-republica-moldova-daniel-ionita-2\/","title":{"rendered":"Gov.md &#8211; \u00centrevederea Viceprim-ministrului Cristina Lesnic cu Ambasadorul Rom\u00e2niei \u00een Republica Moldova Daniel Ioni\u021b\u0103"},"content":{"rendered":"<p>Viceprim-ministrul Cristina Lesnic a avut ast\u0103zi, 12 iulie curent, o \u00eentrevedere cu Ambasadorul Rom\u00e2niei \u00een Republica Moldova Daniel Ioni\u021b\u0103.<\/p>\n<p>Oficialii au purtat discu\u021bii pe marginea subiectelor abordate \u00een cadrul dialogului dintre Chi\u0219in\u0103u \u0219i Tiraspol, evolu\u021biilor recent \u00eenregistrate \u00een procesul de negocieri, fiind eviden\u021biate rezultatele ob\u021binute \u00een implementarea unor teme ce figureaz\u0103 \u00een pachetul \u201eBerlin plus\u201d, \u00een particular, pe subiectul \u0219colilor cu predare \u00een grafie latin\u0103 din regiunea transnistrean\u0103, terenurilor arabile din raionul Dub\u0103sari, mecanismului de acces \u00een traficul rutier interna\u021bional a autovehiculelor din raioanele de est ale \u021b\u0103rii, asigur\u0103rii liberei circula\u021bii \u00eentre cele dou\u0103 maluri ale Nistrului.<\/p>\n<p>De asemenea, a fost punctat\u0103 dinamica ascendent\u0103 a dialogului dintre reprezentan\u021bii politici \u0219i grupurile de lucru sectoriale, fiind remarcat\u0103 relansarea activit\u0103\u021bii la nivelul exper\u021bilor din domeniul drepturilor omului, care s-au \u00eentrunit deja \u00een dou\u0103 \u0219edin\u021be comune.<\/p>\n<p>Viceprim-ministrul Cristina Lesnic a exprimat gratitudine pentru sprijinirea constant\u0103 a procesului de reglementare transnistrean\u0103 din partea Rom\u00e2niei \u0219i\u00a0 pentru sus\u021binerea Rezolu\u021biei Adun\u0103rii Generale a ONU \u201ePrivind retragerea complet\u0103 \u015fi necondi\u021bionat\u0103 a for\u0163elor militare str\u0103ine de pe teritoriul Republicii Moldova\u201d.<\/p>\n<p>Sursa:\u00a0<a href=\"https:\/\/gov.md\/ro\/content\/intrevederea-viceprim-ministrului-cristina-lesnic-cu-ambasadorul-romaniei-republica-1\">https:\/\/gov.md\/<\/a><\/p>\n","protected":false},"excerpt":{"rendered":"<p>Viceprim-ministrul Cristina Lesnic a avut ast\u0103zi, 12 iulie curent, o \u00eentrevedere cu Ambasadorul Rom\u00e2niei \u00een Republica Moldova Daniel Ioni\u021b\u0103. Oficialii au purtat discu\u021bii pe marginea subiectelor abordate \u00een cadrul dialogului dintre Chi\u0219in\u0103u \u0219i Tiraspol, evolu\u021biilor recent \u00eenregistrate \u00een procesul de negocieri, fiind eviden\u021biate rezultatele ob\u021binute \u00een implementarea unor teme ce figureaz\u0103 \u00een pachetul \u201eBerlin plus\u201d,&#8230;<\/p>\n","protected":false},"author":2,"featured_media":0,"comment_status":"closed","ping_status":"open","sticky":false,"template":"","format":"standard","meta":[],"categories":[1],"tags":[],"_links":{"self":[{"href":"https:\/\/centers.ulbsibiu.ro\/ccsprise\/lact\/wp-json\/wp\/v2\/posts\/5125"}],"collection":[{"href":"https:\/\/centers.ulbsibiu.ro\/ccsprise\/lact\/wp-json\/wp\/v2\/posts"}],"about":[{"href":"https:\/\/centers.ulbsibiu.ro\/ccsprise\/lact\/wp-json\/wp\/v2\/types\/post"}],"author":[{"embeddable":true,"href":"https:\/\/centers.ulbsibiu.ro\/ccsprise\/lact\/wp-json\/wp\/v2\/users\/2"}],"replies":[{"embeddable":true,"href":"https:\/\/centers.ulbsibiu.ro\/ccsprise\/lact\/wp-json\/wp\/v2\/comments?post=5125"}],"version-history":[{"count":1,"href":"https:\/\/centers.ulbsibiu.ro\/ccsprise\/lact\/wp-json\/wp\/v2\/posts\/5125\/revisions"}],"predecessor-version":[{"id":5126,"href":"https:\/\/centers.ulbsibiu.ro\/ccsprise\/lact\/wp-json\/wp\/v2\/posts\/5125\/revisions\/5126"}],"wp:attachment":[{"href":"https:\/\/centers.ulbsibiu.ro\/ccsprise\/lact\/wp-json\/wp\/v2\/media?parent=5125"}],"wp:term":[{"taxonomy":"category","embeddable":true,"href":"https:\/\/centers.ulbsibiu.ro\/ccsprise\/lact\/wp-json\/wp\/v2\/categories?post=5125"},{"taxonomy":"post_tag","embeddable":true,"href":"https:\/\/centers.ulbsibiu.ro\/ccsprise\/lact\/wp-json\/wp\/v2\/tags?post=5125"}],"curies":[{"name":"wp","href":"https:\/\/api.w.org\/{rel}","templated":true}]}}