{"id":5105,"date":"2018-07-11T20:50:13","date_gmt":"2018-07-11T18:50:13","guid":{"rendered":"https:\/\/centers.ulbsibiu.ro\/ccsprise\/lact\/?p=5105"},"modified":"2018-07-11T20:50:13","modified_gmt":"2018-07-11T18:50:13","slug":"gov-md-sedinta-comisiei-guvernamentale-pentru-reintegrarea-tarii-evolutiile-in-reglementarea-conflictului-transnistrean-si-prioritatile-pentru-anul-curent","status":"publish","type":"post","link":"https:\/\/centers.ulbsibiu.ro\/ccsprise\/lact\/gov-md-sedinta-comisiei-guvernamentale-pentru-reintegrarea-tarii-evolutiile-in-reglementarea-conflictului-transnistrean-si-prioritatile-pentru-anul-curent\/","title":{"rendered":"Gov.md &#8211; \u0218edin\u021ba Comisiei guvernamentale pentru reintegrarea \u0163\u0103rii: evolu\u021biile \u00een reglementarea conflictului transnistrean \u0219i priorit\u0103\u021bile pentru anul curent"},"content":{"rendered":"<div class=\"panel-pane pane-entity-field pane-node-body press-release\">\n<div class=\"pane-content\">\n<div class=\"field field-name-body field-type-text-with-summary field-label-hidden\">\n<div class=\"field-items\">\n<div class=\"field-item even\">\n<p>Stadiul actual al procesului de negocieri privind reglementarea transnistrean\u0103 a fost analizat \u00een aceast\u0103 sear\u0103 \u00een cadrul \u0219edin\u021bei Comisiei guvernamentale pentru reintegrarea \u0163\u0103rii, prezidat\u0103 de premierul Pavel Filip.<\/p>\n<p>\u0218eful Executivului a men\u021bionat importan\u021ba activit\u0103\u021bii Comisiei \u00een impulsionarea dialogului Chi\u0219in\u0103u &#8211; Tiraspol \u0219i \u00een promovarea politicilor sectoriale de reintegrare a \u021b\u0103rii. Premierul a reiterat c\u0103 pentru a asigura o dinamic\u0103 pozitiv\u0103 \u0219i rezultate viabile, este absolut necesar\u0103 implicarea prompt\u0103 \u0219i profesionist\u0103 a institu\u021biilor responsabile pentru domeniile de referin\u021b\u0103.<\/p>\n<p>\u00cen context, au fost prezentate evolu\u021biile \u00eenregistrate \u00een procesul de negocieri, inclusiv pe platforma \u201e5+2\u201d \u0219i la nivelul grupurilor de lucru sectoriale \u2013 dup\u0103 o pauz\u0103 \u00eendelungat\u0103 a fost relansat grupul de lucru pentru drepturile omului. Totodat\u0103, a fost eviden\u021biat\u0103 semnarea, \u00een primul semestru al anului curent, a trei documente sectoriale \u00een domeniul veterinar, rutier, precum \u0219i \u00een sfera telecomunica\u021biilor. Eforturile autorit\u0103\u021bilor r\u0103m\u00e2n a fi orientate spre implementarea documentelor respective, dar \u0219i a deciziilor protocolare semnate \u00een luna noiembrie 2017.<\/p>\n<p>\u00cen mod special, au fost discutate aspectele ce \u021bin de implementarea Deciziei protocolare privind participarea \u00een traficul rutier interna\u021bional a autovehiculelor din regiunea transnistrean\u0103, care nu desf\u0103\u0219oar\u0103 activit\u0103\u021bi comerciale. \u00cen acest sens, s-a men\u021bionat c\u0103 sunt \u00eentreprinse toate m\u0103surile necesare de ordin organizatoric, tehnic \u0219i juridic pentru a asigura lansarea procesului de \u00eenregistrare a mijloacelor de transport respective \u00eencep\u00e2nd cu data de 1 septembrie curent.<\/p>\n<p>De asemenea, \u00een cadrul \u0219edin\u021bei, a fost efectuat\u0103 o retrospectiv\u0103 detaliat\u0103 pe marginea activit\u0103\u021bilor desf\u0103\u0219urate la reuniunea de la Roma din 29-30 mai curent. Totodat\u0103, au fost punctate priorit\u0103\u021bile incluse de c\u0103tre partea moldoveneasc\u0103 \u00een pachetul ,,Berlin plus\u201d, care urmeaz\u0103 a fi realizate p\u00e2n\u0103 la finele anului 2018. Din acestea fac parte: modernizarea podului de la Gura B\u00eecului-B\u00eecioc, finalizarea procesului de transmitere a certificatelor de acces la terenurile agricole p\u00e2n\u0103 la 1 august curent, asigurarea bunei func\u021bion\u0103ri a celor opt \u0219coli cu predare \u00een grafie latin\u0103 din regiune, dar \u0219i eliminarea tuturor barierelor \u00een calea liberei circula\u021bii a locuitorilor de pe ambele maluri ale Nistrului.<\/p>\n<p>Premierul a apreciat progresele \u00a0\u00een negocieri, accentu\u00e2nd c\u0103 eforturile pentru accelerarea proceselor ini\u021biate necesit\u0103 a fi continuate, iar mobilizarea exper\u021bilor \u00een domeniu va permite solu\u021bionarea prompt\u0103 a problemelor cu care se confrunt\u0103 popula\u021bia de pe ambele maluri ale Nistrului \u015fi atingerea obiectivului guvernamental de reintegrare a \u021b\u0103rii.<\/p>\n<p>Sursa:\u00a0<a href=\"https:\/\/gov.md\/ro\/content\/sedinta-comisiei-guvernamentale-pentru-reintegrarea-tarii-evolutiile-reglementarea\">https:\/\/gov.md\/<\/a><\/p>\n<\/div>\n<\/div>\n<\/div>\n<\/div>\n<\/div>\n","protected":false},"excerpt":{"rendered":"<p>Stadiul actual al procesului de negocieri privind reglementarea transnistrean\u0103 a fost analizat \u00een aceast\u0103 sear\u0103 \u00een cadrul \u0219edin\u021bei Comisiei guvernamentale pentru reintegrarea \u0163\u0103rii, prezidat\u0103 de premierul Pavel Filip. \u0218eful Executivului a men\u021bionat importan\u021ba activit\u0103\u021bii Comisiei \u00een impulsionarea dialogului Chi\u0219in\u0103u &#8211; Tiraspol \u0219i \u00een promovarea politicilor sectoriale de reintegrare a \u021b\u0103rii. Premierul a reiterat c\u0103 pentru&#8230;<\/p>\n","protected":false},"author":2,"featured_media":0,"comment_status":"closed","ping_status":"open","sticky":false,"template":"","format":"standard","meta":[],"categories":[1],"tags":[],"_links":{"self":[{"href":"https:\/\/centers.ulbsibiu.ro\/ccsprise\/lact\/wp-json\/wp\/v2\/posts\/5105"}],"collection":[{"href":"https:\/\/centers.ulbsibiu.ro\/ccsprise\/lact\/wp-json\/wp\/v2\/posts"}],"about":[{"href":"https:\/\/centers.ulbsibiu.ro\/ccsprise\/lact\/wp-json\/wp\/v2\/types\/post"}],"author":[{"embeddable":true,"href":"https:\/\/centers.ulbsibiu.ro\/ccsprise\/lact\/wp-json\/wp\/v2\/users\/2"}],"replies":[{"embeddable":true,"href":"https:\/\/centers.ulbsibiu.ro\/ccsprise\/lact\/wp-json\/wp\/v2\/comments?post=5105"}],"version-history":[{"count":1,"href":"https:\/\/centers.ulbsibiu.ro\/ccsprise\/lact\/wp-json\/wp\/v2\/posts\/5105\/revisions"}],"predecessor-version":[{"id":5106,"href":"https:\/\/centers.ulbsibiu.ro\/ccsprise\/lact\/wp-json\/wp\/v2\/posts\/5105\/revisions\/5106"}],"wp:attachment":[{"href":"https:\/\/centers.ulbsibiu.ro\/ccsprise\/lact\/wp-json\/wp\/v2\/media?parent=5105"}],"wp:term":[{"taxonomy":"category","embeddable":true,"href":"https:\/\/centers.ulbsibiu.ro\/ccsprise\/lact\/wp-json\/wp\/v2\/categories?post=5105"},{"taxonomy":"post_tag","embeddable":true,"href":"https:\/\/centers.ulbsibiu.ro\/ccsprise\/lact\/wp-json\/wp\/v2\/tags?post=5105"}],"curies":[{"name":"wp","href":"https:\/\/api.w.org\/{rel}","templated":true}]}}