{"id":5103,"date":"2018-07-11T18:40:42","date_gmt":"2018-07-11T16:40:42","guid":{"rendered":"https:\/\/centers.ulbsibiu.ro\/ccsprise\/lact\/?p=5103"},"modified":"2018-07-11T18:40:42","modified_gmt":"2018-07-11T16:40:42","slug":"deschide-md-maeie-rezolutia-onu-va-fi-un-instrument-juridic-pentru-r-moldova","status":"publish","type":"post","link":"https:\/\/centers.ulbsibiu.ro\/ccsprise\/lact\/deschide-md-maeie-rezolutia-onu-va-fi-un-instrument-juridic-pentru-r-moldova\/","title":{"rendered":"Deschide.md &#8211; MAEIE: Rezolu\u021bia ONU va fi un instrument juridic pentru R. Moldova"},"content":{"rendered":"<p>Rezolu\u021bia adoptat\u0103 \u00een luna iunie de Organiza\u021bia Na\u021biunilor Unite privind retragerea trupelor ruse\u0219ti de pe teritoriul Republicii Moldova va constitui un instrument juridic pentru \u021bar\u0103.<\/p>\n<p>Declara\u021bia a fost f\u0103cut\u0103 de Tatiana Molcean, secretar de stat la Ministerul Afacerilor Externe \u0219i Integr\u0103rii Europene, \u00een cadrul emisiunii \u201ePunctul pe azi\u201d de la postul de televiziune TVR Moldova, transmite IPN.<\/p>\n<p>Potrivit ei, cererea Republicii Moldova la ONU face parte dintre priorit\u0103\u021bile de a asigura integritatea \u0219i suveranitatea statului.<\/p>\n<p>Tatiana Molcean sus\u021bine c\u0103 rezolu\u021bia a avut scopul de a avea la nivelul ONU un document care spune clar care este pozi\u021bia statelor referitor la prezen\u021ba militar\u0103 str\u0103in\u0103 pe teritoriul Republicii Moldova. \u201eNu doar readucerea pe arena interna\u021bional\u0103 a subiectului a fost scopul, dar \u0219i fixarea clar\u0103 a principiilor, a faptului c\u0103 prezen\u021ba trupelor este contrar\u0103 voin\u021bei Republicii Moldova \u0219i asta este o \u00eenc\u0103lcare a dreptului interna\u021bional, a Cartei ONU\u201d, a spus Tatiana Molcean. Secretarul de stat a mai ad\u0103ugat c\u0103 de\u0219i rezolu\u021biile nu au ca efect o ac\u021biune imediat\u0103, acestea constituie un instrument juridic.<\/p>\n<p>Secretarul de stat la Ministerul Ap\u0103r\u0103rii, Radu Burduja, consider\u0103 c\u0103 rezolu\u021bia ONU este un succes la nivel diplomatic pentru Republica Moldova.<\/p>\n<p>Potrivit lui, prezen\u021ba trupelor ruse este atribuit\u0103 la capitolul amenin\u021b\u0103ri la adresa securit\u0103\u021bii \u021b\u0103rii. \u201eUrmeaz\u0103 s\u0103 vedem cum o s\u0103 se \u021bin\u0103 cont de aceast\u0103 rezolu\u021bie, dar pentru noi este foarte important c\u0103 la nivel interna\u021bional a fost vociferat\u0103 aceast\u0103 dolean\u021b\u0103 a noastr\u0103 \u0219i o consider\u0103m foarte benefic\u0103 pentru domeniul ap\u0103r\u0103rii\u201d, a declarat Radu Burduj, care a mai precizat c\u0103 num\u0103rul exerci\u021biilor militare care se produc \u00een st\u00e2nga Nistrului cre\u0219te \u00een fiecare an cu aproximativ 30%.<\/p>\n<p>\u00cengrijor\u0103tor, \u00een opinia lui, este faptul c\u0103 aceste exerci\u021bii interac\u021bioneaz\u0103 tot mai mult cu poten\u021bialul transnistrean \u0219i Grupul operativ de trupe ruse sta\u021bionate ilegal \u00een regiunea transnistrean\u0103 joac\u0103 rolul de comand\u0103 \u0219i control \u00een aceast\u0103 zon\u0103.<\/p>\n<p>Directorul de programe la Asocia\u021bia pentru Politic\u0103 Extern\u0103, Dumitru M\u00e2nz\u0103rari, consider\u0103 c\u0103 aceast\u0103 rezolu\u021bie este un instrument, un pas \u00eentr-un plan de ac\u021biuni mult mai larg, dar nu este totalmente clar care este acest plan \u0219i care vor fi urm\u0103torii pa\u0219i. Potrivit lui, exist\u0103 critici care spun c\u0103 randamentul acestei rezolu\u021bii ar fi putut fi mai mare. \u201eSe a\u0219tepta ca aceast\u0103 rezolu\u021bie s\u0103 fie ca o \u00eencercare de a marca un gol, o lovitur\u0103 puternic\u0103 cu inten\u021bia de a marca un gol, \u00eens\u0103 ce am v\u0103zut noi, \u00een viziunea acestor critici, ar p\u0103rea c\u0103 a fost o imitare de lovitur\u0103\u201d, spune Dumitru M\u00e2nz\u0103rari.<\/p>\n<p>Amintim c\u0103 Adunarea General\u0103 ONU a votat proiectul de rezolu\u021bie propus de Republica Moldova privind \u201eRetragerea complet\u0103 \u0219i necondi\u021bionat\u0103 a for\u021belor militare str\u0103ine de pe teritoriul Republicii Moldova\u201d.<\/p>\n<p>Sursa:\u00a0<a href=\"https:\/\/deschide.md\/ro\/stiri\/politic\/33770\/MAEIE-Rezolu\u021bia-ONU-va-fi-un-instrument-juridic-pentru-R-Moldova.htm\">https:\/\/deschide.md\/<\/a><\/p>\n","protected":false},"excerpt":{"rendered":"<p>Rezolu\u021bia adoptat\u0103 \u00een luna iunie de Organiza\u021bia Na\u021biunilor Unite privind retragerea trupelor ruse\u0219ti de pe teritoriul Republicii Moldova va constitui un instrument juridic pentru \u021bar\u0103. Declara\u021bia a fost f\u0103cut\u0103 de Tatiana Molcean, secretar de stat la Ministerul Afacerilor Externe \u0219i Integr\u0103rii Europene, \u00een cadrul emisiunii \u201ePunctul pe azi\u201d de la postul de televiziune TVR Moldova,&#8230;<\/p>\n","protected":false},"author":2,"featured_media":0,"comment_status":"closed","ping_status":"open","sticky":false,"template":"","format":"standard","meta":[],"categories":[1],"tags":[],"_links":{"self":[{"href":"https:\/\/centers.ulbsibiu.ro\/ccsprise\/lact\/wp-json\/wp\/v2\/posts\/5103"}],"collection":[{"href":"https:\/\/centers.ulbsibiu.ro\/ccsprise\/lact\/wp-json\/wp\/v2\/posts"}],"about":[{"href":"https:\/\/centers.ulbsibiu.ro\/ccsprise\/lact\/wp-json\/wp\/v2\/types\/post"}],"author":[{"embeddable":true,"href":"https:\/\/centers.ulbsibiu.ro\/ccsprise\/lact\/wp-json\/wp\/v2\/users\/2"}],"replies":[{"embeddable":true,"href":"https:\/\/centers.ulbsibiu.ro\/ccsprise\/lact\/wp-json\/wp\/v2\/comments?post=5103"}],"version-history":[{"count":1,"href":"https:\/\/centers.ulbsibiu.ro\/ccsprise\/lact\/wp-json\/wp\/v2\/posts\/5103\/revisions"}],"predecessor-version":[{"id":5104,"href":"https:\/\/centers.ulbsibiu.ro\/ccsprise\/lact\/wp-json\/wp\/v2\/posts\/5103\/revisions\/5104"}],"wp:attachment":[{"href":"https:\/\/centers.ulbsibiu.ro\/ccsprise\/lact\/wp-json\/wp\/v2\/media?parent=5103"}],"wp:term":[{"taxonomy":"category","embeddable":true,"href":"https:\/\/centers.ulbsibiu.ro\/ccsprise\/lact\/wp-json\/wp\/v2\/categories?post=5103"},{"taxonomy":"post_tag","embeddable":true,"href":"https:\/\/centers.ulbsibiu.ro\/ccsprise\/lact\/wp-json\/wp\/v2\/tags?post=5103"}],"curies":[{"name":"wp","href":"https:\/\/api.w.org\/{rel}","templated":true}]}}