{"id":5099,"date":"2018-07-10T18:09:58","date_gmt":"2018-07-10T16:09:58","guid":{"rendered":"https:\/\/centers.ulbsibiu.ro\/ccsprise\/lact\/?p=5099"},"modified":"2018-07-10T18:09:58","modified_gmt":"2018-07-10T16:09:58","slug":"europalibera-org-adunarea-parlamentara-osce-cere-retragerea-fortelor-armate-straine-din-r-moldova","status":"publish","type":"post","link":"https:\/\/centers.ulbsibiu.ro\/ccsprise\/lact\/europalibera-org-adunarea-parlamentara-osce-cere-retragerea-fortelor-armate-straine-din-r-moldova\/","title":{"rendered":"Europalibera.org &#8211; Adunarea Parlamentar\u0103 OSCE cere retragerea for\u021belor armate str\u0103ine din R.Moldova"},"content":{"rendered":"<p>Adunarea Parlamentar\u0103 a Organiza\u021biei pentru Securitate \u0219i Cooperare \u00een Europa (AP OSCE) a reafirmat necesitatea retragerii complete a for\u021belor armate str\u0103ine de pe teritoriul Republicii Moldova \u0219i transformarea actualei misiuni de men\u021binere a p\u0103cii din regiunea transnistrean\u0103 \u00een una civil\u0103 cu mandat interna\u021bional. Un amendament \u00een acest sens a fost inclus \u00een Rezolu\u021bia sesiunii anuale a AP OSCE, care se desf\u0103\u0219oar\u0103 \u00een perioada 7-11 iulie, \u00een Bundestagul Germaniei, transmite IPN.<\/p>\n<p>Premierul Pavel Filip a salutat rezolutia Adun\u0103rii Parlamentare OSCE drept \u201eun success diplomatic important\u201d. Mar\u021bi, la \u00eent\u00eelnirea anual\u0103 cu corpul diplomatic, Filip a mai declarat c\u0103 \u201eprincipiul neutralit\u0103\u021bii\u201d ancorat \u00een Constitu\u021bie, va devein realitate numai dup\u0103 \u201eretrgerea militarilor ru\u0219i sta\u021biona\u021bi illegal\u201d \u00een R.Moldova, relateaz\u0103 Interfax.<\/p>\n<p>Potrivit unui comunicat de pres\u0103 al Parlamentului Republicii Moldova, \u00een cadrul \u0219edin\u021bei Adun\u0103rii Parlamentare OSCE, au fost dezb\u0103tute 25 de amendamente propuse la textul Rezolu\u021biei de c\u0103tre delega\u021biile celor 57 de state participante. Dou\u0103 amendamente au fost propuse de delega\u021bia Parlamentului Republicii Moldova \u0219i un amendament de delega\u021bia Parlamentului Rom\u00e2niei. Toate au fost acceptate cu o majoritate de voturi. Aprobarea amendamentelor delega\u021biei moldovene a avut la baz\u0103 efortul comun al delega\u021biilor parlamentare din Republica Moldova, Rom\u00e2nia, SUA, Marea Britanie, Georgia \u0219i Lituania, se mai spune \u00een comunicat.<\/p>\n<p>Sursa:\u00a0<a href=\"https:\/\/www.europalibera.org\/a\/29354814.html\">https:\/\/www.europalibera.org\/<\/a><\/p>\n","protected":false},"excerpt":{"rendered":"<p>Adunarea Parlamentar\u0103 a Organiza\u021biei pentru Securitate \u0219i Cooperare \u00een Europa (AP OSCE) a reafirmat necesitatea retragerii complete a for\u021belor armate str\u0103ine de pe teritoriul Republicii Moldova \u0219i transformarea actualei misiuni de men\u021binere a p\u0103cii din regiunea transnistrean\u0103 \u00een una civil\u0103 cu mandat interna\u021bional. Un amendament \u00een acest sens a fost inclus \u00een Rezolu\u021bia sesiunii anuale&#8230;<\/p>\n","protected":false},"author":2,"featured_media":0,"comment_status":"closed","ping_status":"open","sticky":false,"template":"","format":"standard","meta":[],"categories":[1],"tags":[],"_links":{"self":[{"href":"https:\/\/centers.ulbsibiu.ro\/ccsprise\/lact\/wp-json\/wp\/v2\/posts\/5099"}],"collection":[{"href":"https:\/\/centers.ulbsibiu.ro\/ccsprise\/lact\/wp-json\/wp\/v2\/posts"}],"about":[{"href":"https:\/\/centers.ulbsibiu.ro\/ccsprise\/lact\/wp-json\/wp\/v2\/types\/post"}],"author":[{"embeddable":true,"href":"https:\/\/centers.ulbsibiu.ro\/ccsprise\/lact\/wp-json\/wp\/v2\/users\/2"}],"replies":[{"embeddable":true,"href":"https:\/\/centers.ulbsibiu.ro\/ccsprise\/lact\/wp-json\/wp\/v2\/comments?post=5099"}],"version-history":[{"count":1,"href":"https:\/\/centers.ulbsibiu.ro\/ccsprise\/lact\/wp-json\/wp\/v2\/posts\/5099\/revisions"}],"predecessor-version":[{"id":5100,"href":"https:\/\/centers.ulbsibiu.ro\/ccsprise\/lact\/wp-json\/wp\/v2\/posts\/5099\/revisions\/5100"}],"wp:attachment":[{"href":"https:\/\/centers.ulbsibiu.ro\/ccsprise\/lact\/wp-json\/wp\/v2\/media?parent=5099"}],"wp:term":[{"taxonomy":"category","embeddable":true,"href":"https:\/\/centers.ulbsibiu.ro\/ccsprise\/lact\/wp-json\/wp\/v2\/categories?post=5099"},{"taxonomy":"post_tag","embeddable":true,"href":"https:\/\/centers.ulbsibiu.ro\/ccsprise\/lact\/wp-json\/wp\/v2\/tags?post=5099"}],"curies":[{"name":"wp","href":"https:\/\/api.w.org\/{rel}","templated":true}]}}