{"id":5089,"date":"2018-07-09T17:39:49","date_gmt":"2018-07-09T15:39:49","guid":{"rendered":"https:\/\/centers.ulbsibiu.ro\/ccsprise\/lact\/?p=5089"},"modified":"2018-07-09T17:39:49","modified_gmt":"2018-07-09T15:39:49","slug":"gov-md-progresele-inregistrate-in-procesul-de-revendicare-a-terenurilor-agricole-din-raionul-dubasari","status":"publish","type":"post","link":"https:\/\/centers.ulbsibiu.ro\/ccsprise\/lact\/gov-md-progresele-inregistrate-in-procesul-de-revendicare-a-terenurilor-agricole-din-raionul-dubasari\/","title":{"rendered":"Gov.md &#8211; Progresele \u00eenregistrate \u00een procesul de revendicare a terenurilor agricole din raionul Dub\u0103sari"},"content":{"rendered":"<p>Urmare a \u00eengrijor\u0103rilor exprimate de c\u0103tre Viceprim-ministrul Cristina LESNIC, \u00een cadrul \u0219edin\u021bei de lucru \u00een formatul \u201c1+1\u201d din 02 iulie 2018, prin care s-a relevat nedumerirea \u00een leg\u0103tur\u0103 cu eliberarea unui num\u0103r nesemnificativ de certificate care s\u0103 permit\u0103 accesul \u0219i prelucrarea terenurilor agricole situate dup\u0103 traseul R\u00e2bni\u021ba-Tiraspol, dar \u0219i a convenirii necesit\u0103\u021bii impulsion\u0103rii procesului, ast\u0103zi, 09 iulie, \u00een rezultatul deplas\u0103rii reprezentan\u021bilor Biroului politici de reintegrare \u00een or.Dub\u0103sari, \u00een prezen\u021ba responsabililor de resort din partea administra\u021biei publice locale, agen\u021bilor economici \u0219i proprietarilor de terenuri agricole din raionul Dub\u0103sari, s-a reu\u0219it \u00eenm\u00e2narea a 7 certificate pentru o suprafa\u021b\u0103 de circa 1750,6 ha. Astfel, p\u00e2n\u0103 \u00een prezent au fost eliberate 21 certificate raportate la o suprafa\u021b\u0103 total\u0103 de circa 2448 ha.<\/p>\n<p>De asemenea, a fost stabilit un orar de lucru pentru s\u0103pt\u0103m\u00e2na curent\u0103 urmare a c\u0103ruia vor fi eliberate noi certificate.<\/p>\n<p>Amintim c\u0103, din anul 2014 proprietarii de terenuri agricole din raionul Dub\u0103sari nu au mai avut acces la loturile de teren situate dup\u0103 traseul men\u021bionat, iar p\u00e2n\u0103 atunci dreptul de utilizare era stabilit anual.<\/p>\n<p>Sursa:\u00a0<a href=\"https:\/\/gov.md\/ro\/content\/progresele-inregistrate-procesul-de-revendicare-terenurilor-agricole-din-raionul-dubasari\">https:\/\/gov.md\/<\/a><\/p>\n","protected":false},"excerpt":{"rendered":"<p>Urmare a \u00eengrijor\u0103rilor exprimate de c\u0103tre Viceprim-ministrul Cristina LESNIC, \u00een cadrul \u0219edin\u021bei de lucru \u00een formatul \u201c1+1\u201d din 02 iulie 2018, prin care s-a relevat nedumerirea \u00een leg\u0103tur\u0103 cu eliberarea unui num\u0103r nesemnificativ de certificate care s\u0103 permit\u0103 accesul \u0219i prelucrarea terenurilor agricole situate dup\u0103 traseul R\u00e2bni\u021ba-Tiraspol, dar \u0219i a convenirii necesit\u0103\u021bii impulsion\u0103rii procesului, ast\u0103zi,&#8230;<\/p>\n","protected":false},"author":2,"featured_media":0,"comment_status":"closed","ping_status":"open","sticky":false,"template":"","format":"standard","meta":[],"categories":[1],"tags":[],"_links":{"self":[{"href":"https:\/\/centers.ulbsibiu.ro\/ccsprise\/lact\/wp-json\/wp\/v2\/posts\/5089"}],"collection":[{"href":"https:\/\/centers.ulbsibiu.ro\/ccsprise\/lact\/wp-json\/wp\/v2\/posts"}],"about":[{"href":"https:\/\/centers.ulbsibiu.ro\/ccsprise\/lact\/wp-json\/wp\/v2\/types\/post"}],"author":[{"embeddable":true,"href":"https:\/\/centers.ulbsibiu.ro\/ccsprise\/lact\/wp-json\/wp\/v2\/users\/2"}],"replies":[{"embeddable":true,"href":"https:\/\/centers.ulbsibiu.ro\/ccsprise\/lact\/wp-json\/wp\/v2\/comments?post=5089"}],"version-history":[{"count":1,"href":"https:\/\/centers.ulbsibiu.ro\/ccsprise\/lact\/wp-json\/wp\/v2\/posts\/5089\/revisions"}],"predecessor-version":[{"id":5090,"href":"https:\/\/centers.ulbsibiu.ro\/ccsprise\/lact\/wp-json\/wp\/v2\/posts\/5089\/revisions\/5090"}],"wp:attachment":[{"href":"https:\/\/centers.ulbsibiu.ro\/ccsprise\/lact\/wp-json\/wp\/v2\/media?parent=5089"}],"wp:term":[{"taxonomy":"category","embeddable":true,"href":"https:\/\/centers.ulbsibiu.ro\/ccsprise\/lact\/wp-json\/wp\/v2\/categories?post=5089"},{"taxonomy":"post_tag","embeddable":true,"href":"https:\/\/centers.ulbsibiu.ro\/ccsprise\/lact\/wp-json\/wp\/v2\/tags?post=5089"}],"curies":[{"name":"wp","href":"https:\/\/api.w.org\/{rel}","templated":true}]}}