{"id":5080,"date":"2018-07-07T16:38:08","date_gmt":"2018-07-07T14:38:08","guid":{"rendered":"https:\/\/centers.ulbsibiu.ro\/ccsprise\/lact\/?p=5080"},"modified":"2018-07-07T16:39:22","modified_gmt":"2018-07-07T14:39:22","slug":"deschide-md-tiraspolul-insista-pe-importarea-medicamentelor-in-regiune-in-baza-propriei-legislatii","status":"publish","type":"post","link":"https:\/\/centers.ulbsibiu.ro\/ccsprise\/lact\/deschide-md-tiraspolul-insista-pe-importarea-medicamentelor-in-regiune-in-baza-propriei-legislatii\/","title":{"rendered":"Deschide.md &#8211; Tiraspolul insist\u0103 pe importarea medicamentelor \u00een regiune \u00een baza propriei \u201elegisla\u021bii\u201d"},"content":{"rendered":"<p>Author: Vasile Cojocari<\/p>\n<p>Ast\u0103zi, 6 iulie curent, la sediul Misiunii OSCE din Tiraspol a avut loc \u015fedin\u0163a grupurilor de lucru pentru ocrotirea s\u0103n\u0103t\u0103\u021bii. Delega\u0163ia din partea Chi\u015fin\u0103ului a fost condus\u0103 de Secretarul de stat \u00een domeniul asisten\u021bei medicale din cadrul Ministerului S\u0103n\u0103t\u0103\u021bii, Muncii \u0219i Protec\u0163iei Sociale, Rodica Scutelnic, coordonator al grupului de lucru.<\/p>\n<p>\u00cen cadrul \u0219edin\u021bei au continuat discu\u021biile pe marginea poten\u021bialelor mecanisme de import a medicamentelor \u00een regiunea transnistrean\u0103 \u0219i de achizi\u021bionare a preparatelor medicale pentru persoanele ce sufer\u0103 de HIV\/SIDA \u0219i de tuberculoz\u0103, relateaz\u0103 \u00eentr-un comunicat Biroul Politice de Reintegrare.<\/p>\n<p>A\u0219a zisul-minister de externe de la Tiraspol, sus\u021bine \u00eentr-un comunicat c\u0103 \u00een cadrul \u0219edin\u021bei de ast\u0103zi \u201ea \u00eendemnat Chi\u0219in\u0103ul s\u0103 nu impun\u0103 impedimente \u00een importarea medicamentelor \u00een Transnistria\u201d.<\/p>\n<p>Partea transnistrean\u0103 mai sus\u021bine c\u0103 exist\u0103 anumite riscuri atunci c\u00e2nd se vorbe\u0219te despre insituirea unui nou mecanism de importare a medicamentelor \u00een zona separatist\u0103.<\/p>\n<p>Amintim c\u0103 importul medicamentelor \u00een Transnistria a st\u00e2rnit de cur\u00e2nd disensiuni \u00een cadrul negocierilor \u201e1+1\u201d. Chi\u0219in\u0103ul insist\u0103 asupra unui nomenclator comun al preparatelor recunoscute interna\u021bional, partea transnistrean\u0103 pretinde c\u0103 are mecanisme proprii de verificare \u0219i Chi\u0219in\u0103ul nu trebuie s\u0103 se implice \u00een treburile comerciale ale Transnistriei.<\/p>\n<p>Sursa:\u00a0<a href=\"https:\/\/deschide.md\/ro\/stiri\/politic\/33600\/Tiraspolul-insist\u0103-pe-importarea-medicamentelor-\u00een-regiune-\u00een-baza-propriei-\u201elegisla\u021bii\u201d.htm\">https:\/\/deschide.md\/<\/a><\/p>\n","protected":false},"excerpt":{"rendered":"<p>Author: Vasile Cojocari Ast\u0103zi, 6 iulie curent, la sediul Misiunii OSCE din Tiraspol a avut loc \u015fedin\u0163a grupurilor de lucru pentru ocrotirea s\u0103n\u0103t\u0103\u021bii. Delega\u0163ia din partea Chi\u015fin\u0103ului a fost condus\u0103 de Secretarul de stat \u00een domeniul asisten\u021bei medicale din cadrul Ministerului S\u0103n\u0103t\u0103\u021bii, Muncii \u0219i Protec\u0163iei Sociale, Rodica Scutelnic, coordonator al grupului de lucru. \u00cen cadrul&#8230;<\/p>\n","protected":false},"author":2,"featured_media":0,"comment_status":"closed","ping_status":"open","sticky":false,"template":"","format":"standard","meta":[],"categories":[1],"tags":[],"_links":{"self":[{"href":"https:\/\/centers.ulbsibiu.ro\/ccsprise\/lact\/wp-json\/wp\/v2\/posts\/5080"}],"collection":[{"href":"https:\/\/centers.ulbsibiu.ro\/ccsprise\/lact\/wp-json\/wp\/v2\/posts"}],"about":[{"href":"https:\/\/centers.ulbsibiu.ro\/ccsprise\/lact\/wp-json\/wp\/v2\/types\/post"}],"author":[{"embeddable":true,"href":"https:\/\/centers.ulbsibiu.ro\/ccsprise\/lact\/wp-json\/wp\/v2\/users\/2"}],"replies":[{"embeddable":true,"href":"https:\/\/centers.ulbsibiu.ro\/ccsprise\/lact\/wp-json\/wp\/v2\/comments?post=5080"}],"version-history":[{"count":1,"href":"https:\/\/centers.ulbsibiu.ro\/ccsprise\/lact\/wp-json\/wp\/v2\/posts\/5080\/revisions"}],"predecessor-version":[{"id":5081,"href":"https:\/\/centers.ulbsibiu.ro\/ccsprise\/lact\/wp-json\/wp\/v2\/posts\/5080\/revisions\/5081"}],"wp:attachment":[{"href":"https:\/\/centers.ulbsibiu.ro\/ccsprise\/lact\/wp-json\/wp\/v2\/media?parent=5080"}],"wp:term":[{"taxonomy":"category","embeddable":true,"href":"https:\/\/centers.ulbsibiu.ro\/ccsprise\/lact\/wp-json\/wp\/v2\/categories?post=5080"},{"taxonomy":"post_tag","embeddable":true,"href":"https:\/\/centers.ulbsibiu.ro\/ccsprise\/lact\/wp-json\/wp\/v2\/tags?post=5080"}],"curies":[{"name":"wp","href":"https:\/\/api.w.org\/{rel}","templated":true}]}}