{"id":5074,"date":"2018-07-06T19:31:39","date_gmt":"2018-07-06T17:31:39","guid":{"rendered":"https:\/\/centers.ulbsibiu.ro\/ccsprise\/lact\/?p=5074"},"modified":"2018-07-06T19:31:39","modified_gmt":"2018-07-06T17:31:39","slug":"gov-md-comisia-unificata-de-control-identifica-solutii-pentru-asigurarea-liberei-circulatii-in-preajma-podului-peste-r-nistru-intre-localitatile-gura-bacului-si-bacioc","status":"publish","type":"post","link":"https:\/\/centers.ulbsibiu.ro\/ccsprise\/lact\/gov-md-comisia-unificata-de-control-identifica-solutii-pentru-asigurarea-liberei-circulatii-in-preajma-podului-peste-r-nistru-intre-localitatile-gura-bacului-si-bacioc\/","title":{"rendered":"Gov.md &#8211; Comisia Unificat\u0103 de Control identific\u0103 solu\u021bii pentru asigurarea liberei circula\u021bii \u00een preajma podului peste r. Nistru \u00eentre localit\u0103\u021bile Gura B\u00e2cului \u0219i B\u00e2cioc"},"content":{"rendered":"<p>Pe agenda Comisiei Unificate de Control (CUC), care s-a \u00eentrunit la 5 \u00a0iulie a.c. \u00een or. Bender sub pre\u0219edin\u021bia delega\u021biei transnistrene, s-au aflat dou\u0103 subiecte.<\/p>\n<p>La solicitarea Fedara\u021biei Ruse, CUC l-a eliberat din func\u021bia de observator militar pe maiorul Dmitrii Konev \u015fi l-a desemnat \u00een serviciul operativ din cadrul Comenduirii militare din or. Dub\u0103sari.<\/p>\n<p>\u015eeful Statului Major al For\u021belor Mixte de Pacificare, colonel Vitalii Morozov, a\u00a0 raportat \u00a0despre situa\u021bia din Zona de Securitate, care a fost apreciat\u0103 drept stabil\u0103, ca urmare a monitoriz\u0103rii acesteia pe parcursul ultimei s\u0103pt\u0103m\u00e2ni de c\u0103tre Comandamentul Militar \u00centrunit.<\/p>\n<p>Cel de-al doilea subiect de pe ordinea de zi &#8211; problema privind asigurarea securit\u0103\u021bii \u0219i liberei circula\u021bii \u00een preajma podului peste r\u00e2ul Nistru \u00eentre localit\u0103\u021bile Gura B\u00e2cului \u0219i B\u00e2cioc a fost examinat\u0103 \u00een cadrul \u0219edin\u021bei neordinare a Comisiei, condus\u0103 de Ilia Uvarov, copre\u0219edintele CUC din partea Federa\u0163iei Ruse.<\/p>\n<p>P\u0103r\u021bile au f\u0103cut un schimb de opinii \u00een cadrul \u00eentrevederii separate a conduc\u0103torilor delega\u021biilor CUC din partea Republicii Moldova, Federa\u021biei Ruse, regiunii transnistrene, reprezentan\u021bilor Ucrainei \u0219i Misiunii OSCE. \u00cen cadrul \u015fedin\u0163ei au fost dezb\u0103tute propunerile de compromis ale delega\u021biei Federa\u021biei Ruse, prezentate la \u0219edin\u021ba CUC din 28 iunie curent, prin care se propune monitorizarea \u0219i asigurarea liberei circula\u021bii pe podul peste r\u00e2ul Nistru \u00eentre localit\u0103\u021bile Gura B\u00e2cului \u0219i B\u00e2cioc \u00een formatul opera\u021biunii de pacificare &#8211; doar de c\u0103tre militarii For\u021belor Mixte de Pacificare \u0219i efectivele comune ale Poli\u021biei \u0219i a\u0219a-numitei mili\u021bii.<\/p>\n<p>Cu regret, reprezentantul Tiraspolului, de o manier\u0103 sfid\u0103toare, devenit\u0103 deja tradi\u021bional\u0103, a respins categoric aceast\u0103 propunere f\u0103r\u0103 argumente \u0219i f\u0103r\u0103 careva comentarii. Din aceast\u0103 cauz\u0103, discu\u021biile asupra acestei probleme s-au blocat \u015fi vor fi reluate la urm\u0103toarea \u0219edin\u021b\u0103 a Comisiei, preconizat\u0103 pentru data de 12 iulie 2018.<\/p>\n<p><strong>\u00a0<\/strong><\/p>\n<p><strong>Delega\u021bia Republicii Moldova \u00een CUC\u00a0<\/strong><\/p>\n<p>&nbsp;<\/p>\n<p>Sursa:\u00a0<a href=\"https:\/\/gov.md\/ro\/content\/comisia-unificata-de-control-identifica-solutii-pentru-asigurarea-liberei-circulatii-0\">https:\/\/gov.md\/<\/a><\/p>\n","protected":false},"excerpt":{"rendered":"<p>Pe agenda Comisiei Unificate de Control (CUC), care s-a \u00eentrunit la 5 \u00a0iulie a.c. \u00een or. Bender sub pre\u0219edin\u021bia delega\u021biei transnistrene, s-au aflat dou\u0103 subiecte. La solicitarea Fedara\u021biei Ruse, CUC l-a eliberat din func\u021bia de observator militar pe maiorul Dmitrii Konev \u015fi l-a desemnat \u00een serviciul operativ din cadrul Comenduirii militare din or. Dub\u0103sari. \u015eeful&#8230;<\/p>\n","protected":false},"author":2,"featured_media":0,"comment_status":"closed","ping_status":"open","sticky":false,"template":"","format":"standard","meta":[],"categories":[1],"tags":[],"_links":{"self":[{"href":"https:\/\/centers.ulbsibiu.ro\/ccsprise\/lact\/wp-json\/wp\/v2\/posts\/5074"}],"collection":[{"href":"https:\/\/centers.ulbsibiu.ro\/ccsprise\/lact\/wp-json\/wp\/v2\/posts"}],"about":[{"href":"https:\/\/centers.ulbsibiu.ro\/ccsprise\/lact\/wp-json\/wp\/v2\/types\/post"}],"author":[{"embeddable":true,"href":"https:\/\/centers.ulbsibiu.ro\/ccsprise\/lact\/wp-json\/wp\/v2\/users\/2"}],"replies":[{"embeddable":true,"href":"https:\/\/centers.ulbsibiu.ro\/ccsprise\/lact\/wp-json\/wp\/v2\/comments?post=5074"}],"version-history":[{"count":1,"href":"https:\/\/centers.ulbsibiu.ro\/ccsprise\/lact\/wp-json\/wp\/v2\/posts\/5074\/revisions"}],"predecessor-version":[{"id":5075,"href":"https:\/\/centers.ulbsibiu.ro\/ccsprise\/lact\/wp-json\/wp\/v2\/posts\/5074\/revisions\/5075"}],"wp:attachment":[{"href":"https:\/\/centers.ulbsibiu.ro\/ccsprise\/lact\/wp-json\/wp\/v2\/media?parent=5074"}],"wp:term":[{"taxonomy":"category","embeddable":true,"href":"https:\/\/centers.ulbsibiu.ro\/ccsprise\/lact\/wp-json\/wp\/v2\/categories?post=5074"},{"taxonomy":"post_tag","embeddable":true,"href":"https:\/\/centers.ulbsibiu.ro\/ccsprise\/lact\/wp-json\/wp\/v2\/tags?post=5074"}],"curies":[{"name":"wp","href":"https:\/\/api.w.org\/{rel}","templated":true}]}}