{"id":5072,"date":"2018-07-06T07:43:58","date_gmt":"2018-07-06T05:43:58","guid":{"rendered":"https:\/\/centers.ulbsibiu.ro\/ccsprise\/lact\/?p=5072"},"modified":"2018-07-06T07:43:58","modified_gmt":"2018-07-06T05:43:58","slug":"infotag-md-dupa-26-de-ani-de-la-conflictul-armat-de-pe-nistru-veteranii-voluntari-moldoveni-nu-au-un-statut-legal","status":"publish","type":"post","link":"https:\/\/centers.ulbsibiu.ro\/ccsprise\/lact\/infotag-md-dupa-26-de-ani-de-la-conflictul-armat-de-pe-nistru-veteranii-voluntari-moldoveni-nu-au-un-statut-legal\/","title":{"rendered":"Infotag.md &#8211; DUP\u0102 26 DE ANI DE LA CONFLICTUL ARMAT DE PE NISTRU, VETERANII VOLUNTARI MOLDOVENI NU AU UN STATUT LEGAL"},"content":{"rendered":"<p>Dup\u0103 26 de ani de la conflictul armat de pe Nistru, veteranii voluntari moldoveni nu au un statut legal clar. Potrivit agen\u021biei INFOTAG, aceasta este una dintre concluziile studiului prezentat miercuri, \u00een cadrul unei mese rotunde, de exper\u0163ii Institutului IDIS Viitorul.<\/p>\n<p>Autorul studiului, expertul \u00een problema transnistrean\u0103, Rosian Vasiloi, a men\u0163ionat c\u0103 scopul lucr\u0103rii a fost de a afla adev\u0103rata situa\u0163ie a veteranilor pe exemplul celor din localit\u0103\u0163ile raionului Dub\u0103sari.<\/p>\n<p>Potrivit lui, \u00een raion sunt circa 1,5 mii de veterani ai conflictului transnistrean.<\/p>\n<p>\u201e\u00cen septembrie 2017, Institutul a organizat la Co\u015fni\u0163a o mas\u0103 rotund\u0103 cu veteranii. \u00cen baza acesteia, au fost formulate opt propuneri, care au fost expediate prim-ministrului Republicii Moldova, Pavel Filip, \u015fi care ar u\u0219ura situa\u021bia celor care au ap\u0103rat patria de invadatori. Cele mai importante dintre acestea se refer\u0103 la lipsa locurilor de munc\u0103 \u00een raion, lipsa asisten\u021bei psihologice \u0219i medicale moderne \u015fi calificate\u201d, a men\u021bionat Vasiloi.<\/p>\n<p>Potrivit veteranilor, din 1992, cel pu\u021bin 30% dintre voluntari au decedat, fiind \u00eenregistrate \u0219i sinucideri.<\/p>\n<p>\u201eProbleme serioase au \u015fi veteranii care de\u021bin terenuri agricole \u00een Dub\u0103sari. Ca s\u0103 le poat\u0103 cultiva \u00een lini\u015fte, ei trebuie s\u0103 fie \u00eenregistra\u021bi la institu\u0163iile separati\u015ftilor. Mul\u021bi sunt categoric \u00eempotriva acestei practici. Oamenii sunt nemul\u0163umi\u0163i \u0219i acest lucru este firesc. Credem c\u0103 Guvernul ar trebui s\u0103 includ\u0103 printre priorit\u0103\u021bi rezolvarea problemelor veteranilor conflictului transnistrean. Nu \u00een ultimul r\u00e2nd, acest lucru se refer\u0103 la recalcularea pensiilor lor, la plasamentul acestora \u00een institu\u021biile medicale centrale \u00een caz de \u00eemboln\u0103vire, la acordarea \u00een regim preferen\u0163ial a foilor de tratament la sanatorii\u201d, a spus expertul.<\/p>\n<p>Ministrul Afacerilor Interne al RM, Alexandru Jizdan, a spus c\u0103 problemele veteranilor sunt prioritate \u00een agenda de lucru a institu\u0163iei.<\/p>\n<p>\u201eDar trebuie s\u0103 \u00een\u021belegem c\u0103 este vorba de acei combatan\u0163i care pe atunci activau \u00een cadrul MAI. Acestora noi le acord\u0103m o aten\u021bie deosebit\u0103. Astfel, \u00een ultimul timp, au fost aloca\u0163i 1,3 mil. lei pentru necesit\u0103\u0163ile persoanelor cu dizabilit\u0103\u021bi de grupa 1 \u0219i 2, adic\u0103, celor grav bolnavi. Cred c\u0103 am putea aborda la Guvern chestiunea privind confec\u0163ionarea unor distinc\u0163ii comemorative pentru veterani pentru o anumit\u0103 dat\u0103\u201d, a spus ministrul.<\/p>\n<p>Sursa:\u00a0<a href=\"http:\/\/www.infotag.md\/populis-ru\/264712\/\">http:\/\/www.infotag.md\/<\/a><\/p>\n","protected":false},"excerpt":{"rendered":"<p>Dup\u0103 26 de ani de la conflictul armat de pe Nistru, veteranii voluntari moldoveni nu au un statut legal clar. Potrivit agen\u021biei INFOTAG, aceasta este una dintre concluziile studiului prezentat miercuri, \u00een cadrul unei mese rotunde, de exper\u0163ii Institutului IDIS Viitorul. Autorul studiului, expertul \u00een problema transnistrean\u0103, Rosian Vasiloi, a men\u0163ionat c\u0103 scopul lucr\u0103rii a&#8230;<\/p>\n","protected":false},"author":2,"featured_media":0,"comment_status":"closed","ping_status":"open","sticky":false,"template":"","format":"standard","meta":[],"categories":[1],"tags":[],"_links":{"self":[{"href":"https:\/\/centers.ulbsibiu.ro\/ccsprise\/lact\/wp-json\/wp\/v2\/posts\/5072"}],"collection":[{"href":"https:\/\/centers.ulbsibiu.ro\/ccsprise\/lact\/wp-json\/wp\/v2\/posts"}],"about":[{"href":"https:\/\/centers.ulbsibiu.ro\/ccsprise\/lact\/wp-json\/wp\/v2\/types\/post"}],"author":[{"embeddable":true,"href":"https:\/\/centers.ulbsibiu.ro\/ccsprise\/lact\/wp-json\/wp\/v2\/users\/2"}],"replies":[{"embeddable":true,"href":"https:\/\/centers.ulbsibiu.ro\/ccsprise\/lact\/wp-json\/wp\/v2\/comments?post=5072"}],"version-history":[{"count":1,"href":"https:\/\/centers.ulbsibiu.ro\/ccsprise\/lact\/wp-json\/wp\/v2\/posts\/5072\/revisions"}],"predecessor-version":[{"id":5073,"href":"https:\/\/centers.ulbsibiu.ro\/ccsprise\/lact\/wp-json\/wp\/v2\/posts\/5072\/revisions\/5073"}],"wp:attachment":[{"href":"https:\/\/centers.ulbsibiu.ro\/ccsprise\/lact\/wp-json\/wp\/v2\/media?parent=5072"}],"wp:term":[{"taxonomy":"category","embeddable":true,"href":"https:\/\/centers.ulbsibiu.ro\/ccsprise\/lact\/wp-json\/wp\/v2\/categories?post=5072"},{"taxonomy":"post_tag","embeddable":true,"href":"https:\/\/centers.ulbsibiu.ro\/ccsprise\/lact\/wp-json\/wp\/v2\/tags?post=5072"}],"curies":[{"name":"wp","href":"https:\/\/api.w.org\/{rel}","templated":true}]}}