{"id":5070,"date":"2018-07-06T07:40:52","date_gmt":"2018-07-06T05:40:52","guid":{"rendered":"https:\/\/centers.ulbsibiu.ro\/ccsprise\/lact\/?p=5070"},"modified":"2018-07-06T07:40:52","modified_gmt":"2018-07-06T05:40:52","slug":"ziarulnational-md-declaratie-transnistria-zeci-de-camioane-fara-insemne-transporta-munitii-si-armament-din-depozitul-de-la-cobasna-in-destinatii-necunoscute","status":"publish","type":"post","link":"https:\/\/centers.ulbsibiu.ro\/ccsprise\/lact\/ziarulnational-md-declaratie-transnistria-zeci-de-camioane-fara-insemne-transporta-munitii-si-armament-din-depozitul-de-la-cobasna-in-destinatii-necunoscute\/","title":{"rendered":"Ziarulnational.md &#8211; DECLARA\u021aIE \/\/ Transnistria: \u201eZeci de camioane F\u0102R\u0102 \u00eensemne transport\u0103 MUNI\u021aII \u0219i ARMAMENT din depozitul de la Cobasna \u00een destina\u021bii necunoscute\u201d"},"content":{"rendered":"<p><span style=\"display: inline !important; float: none; background-color: transparent; color: #383536; font-family: 'Open Sans',sans-serif; font-size: 16px; font-style: normal; font-variant: normal; font-weight: 400; letter-spacing: normal; orphans: 2; text-align: left; text-decoration: none; text-indent: 0px; text-transform: none; -webkit-text-stroke-width: 0px; white-space: normal; word-spacing: 0px;\">\u00cen Transnistria se \u00eent\u00e2mpl\u0103 lucruri foarte stranii, \u00een condi\u021biile \u00een care zeci de camioane f\u0103r\u0103 \u00eensemne transport\u0103 muni\u021bii \u0219i armament din depozitul de la Cobasna \u00een destina\u021bii necunoscute. <\/span><\/p>\n<p><span style=\"display: inline !important; float: none; background-color: transparent; color: #383536; font-family: 'Open Sans',sans-serif; font-size: 16px; font-style: normal; font-variant: normal; font-weight: 400; letter-spacing: normal; orphans: 2; text-align: left; text-decoration: none; text-indent: 0px; text-transform: none; -webkit-text-stroke-width: 0px; white-space: normal; word-spacing: 0px;\"> Declara\u021bia a fost f\u0103cut\u0103 de pre\u0219edintele Parlamentului, Andrian Candu, \u00een cadrul emisiunii \u201eFarika\u201d de la postul de televiziune Publika TV, transmite IPN.<\/span><\/p>\n<p><span style=\"display: inline !important; float: none; background-color: transparent; color: #383536; font-family: 'Open Sans',sans-serif; font-size: 16px; font-style: normal; font-variant: normal; font-weight: 400; letter-spacing: normal; orphans: 2; text-align: left; text-decoration: none; text-indent: 0px; text-transform: none; -webkit-text-stroke-width: 0px; white-space: normal; word-spacing: 0px;\"> Potrivit lui, orice \u00eencercare a Comisiei Unificate de Control, a ofi\u021berilor moldoveni de a afla informa\u021bii, de a opri, de a identifica ce se \u00eent\u00e2mpl\u0103 s-au soldat cu e\u0219ec. \u201eAtunci c\u00e2nd nu sunt respectate acordurile, atunci c\u00e2nd exist\u0103 mi\u0219c\u0103ri de genul \u0103sta, ne d\u0103m seama \u00een ce situa\u021bie suntem noi c\u00e2nd vorbim despre securitatea \u021b\u0103rii\u201d, a declarat Andrian Candu.<\/span><\/p>\n<p><span style=\"display: inline !important; float: none; background-color: transparent; color: #383536; font-family: 'Open Sans',sans-serif; font-size: 16px; font-style: normal; font-variant: normal; font-weight: 400; letter-spacing: normal; orphans: 2; text-align: left; text-decoration: none; text-indent: 0px; text-transform: none; -webkit-text-stroke-width: 0px; white-space: normal; word-spacing: 0px;\"> \u00cen opinia \u0219efului Legislativului, exist\u0103 elemente legate de un r\u0103zboi hibrid la nivel de atacuri cibernetice, propagand\u0103, sunt elemente legate de sisteme energetice, amenin\u021b\u0103rile Federa\u021biei Ruse legate de gaz \u0219i energie electric\u0103 pentru Republica Moldova, Ucraina \u0219i Georgia. Andrian Candu a vorbit inclusiv despre activit\u0103\u021bile serviciilor speciale \u0219i secrete pe teritoriul Republicii Moldova: \u201eIat\u0103 de ce \u00eencerc\u0103m s\u0103 g\u0103sim \u00eempreun\u0103 solu\u021bii. Deja am trasat unele solu\u021bii la nivel regional \u00eentre Ucraina, Georgia \u0219i Republica Moldova \u00een cooperarea noastr\u0103\u201d. <\/span><\/p>\n<p>Sursa:\u00a0<a href=\"http:\/\/www.ziarulnational.md\/declaratie-transnistria-zeci-de-camioane-fara-insemne-transporta-munitii-si-armament-din-depozitul-de-la-cobasna-in-destinatii-necunoscute\/\">http:\/\/www.ziarulnational.md\/<\/a><\/p>\n","protected":false},"excerpt":{"rendered":"<p>\u00cen Transnistria se \u00eent\u00e2mpl\u0103 lucruri foarte stranii, \u00een condi\u021biile \u00een care zeci de camioane f\u0103r\u0103 \u00eensemne transport\u0103 muni\u021bii \u0219i armament din depozitul de la Cobasna \u00een destina\u021bii necunoscute. Declara\u021bia a fost f\u0103cut\u0103 de pre\u0219edintele Parlamentului, Andrian Candu, \u00een cadrul emisiunii \u201eFarika\u201d de la postul de televiziune Publika TV, transmite IPN. Potrivit lui, orice \u00eencercare a&#8230;<\/p>\n","protected":false},"author":2,"featured_media":0,"comment_status":"closed","ping_status":"open","sticky":false,"template":"","format":"standard","meta":[],"categories":[1],"tags":[],"_links":{"self":[{"href":"https:\/\/centers.ulbsibiu.ro\/ccsprise\/lact\/wp-json\/wp\/v2\/posts\/5070"}],"collection":[{"href":"https:\/\/centers.ulbsibiu.ro\/ccsprise\/lact\/wp-json\/wp\/v2\/posts"}],"about":[{"href":"https:\/\/centers.ulbsibiu.ro\/ccsprise\/lact\/wp-json\/wp\/v2\/types\/post"}],"author":[{"embeddable":true,"href":"https:\/\/centers.ulbsibiu.ro\/ccsprise\/lact\/wp-json\/wp\/v2\/users\/2"}],"replies":[{"embeddable":true,"href":"https:\/\/centers.ulbsibiu.ro\/ccsprise\/lact\/wp-json\/wp\/v2\/comments?post=5070"}],"version-history":[{"count":1,"href":"https:\/\/centers.ulbsibiu.ro\/ccsprise\/lact\/wp-json\/wp\/v2\/posts\/5070\/revisions"}],"predecessor-version":[{"id":5071,"href":"https:\/\/centers.ulbsibiu.ro\/ccsprise\/lact\/wp-json\/wp\/v2\/posts\/5070\/revisions\/5071"}],"wp:attachment":[{"href":"https:\/\/centers.ulbsibiu.ro\/ccsprise\/lact\/wp-json\/wp\/v2\/media?parent=5070"}],"wp:term":[{"taxonomy":"category","embeddable":true,"href":"https:\/\/centers.ulbsibiu.ro\/ccsprise\/lact\/wp-json\/wp\/v2\/categories?post=5070"},{"taxonomy":"post_tag","embeddable":true,"href":"https:\/\/centers.ulbsibiu.ro\/ccsprise\/lact\/wp-json\/wp\/v2\/tags?post=5070"}],"curies":[{"name":"wp","href":"https:\/\/api.w.org\/{rel}","templated":true}]}}